{"id":32522,"date":"2023-09-06T14:17:13","date_gmt":"2023-09-06T14:17:13","guid":{"rendered":"https:\/\/www.lidemschool.com\/blog\/lidem-france-inaugure-deux-studios-dedies-au-metaverse-2\/"},"modified":"2023-09-06T14:17:14","modified_gmt":"2023-09-06T14:17:14","slug":"lidem-france-inaugure-deux-studios-dedies-au-metaverse-2","status":"publish","type":"post","link":"https:\/\/www.lidemschool.com\/fr\/blog\/lidem-france-inaugure-deux-studios-dedies-au-metavers\/","title":{"rendered":"L&rsquo;Idem France inaugure deux studios d\u00e9di\u00e9s au m\u00e9taverse"},"content":{"rendered":"<p>[et_pb_section fb_built=\u00a0\u00bb1&Prime; admin_label=\u00a0\u00bbsection\u00a0\u00bb _builder_version=\u00a0\u00bb3.22&Prime; global_colors_info=\u00a0\u00bb{}\u00a0\u00bb][et_pb_row admin_label=\u00a0\u00bbrow\u00a0\u00bb _builder_version=\u00a0\u00bb3.25&Prime; background_size=\u00a0\u00bbinitial\u00a0\u00bb background_position=\u00a0\u00bbtop_left\u00a0\u00bb background_repeat=\u00a0\u00bbrepeat\u00a0\u00bb global_colors_info=\u00a0\u00bb{}\u00a0\u00bb][et_pb_column type=\u00a0\u00bb4_4&Prime; _builder_version=\u00a0\u00bb3.25&Prime; custom_padding=\u00a0\u00bb|||\u00a0\u00bb global_colors_info=\u00a0\u00bb{}\u00a0\u00bb custom_padding__hover=\u00a0\u00bb|||\u00a0\u00bb][et_pb_text _builder_version=\u00a0\u00bb4.14.9&Prime; _module_preset=\u00a0\u00bbdefault\u00a0\u00bb hover_enabled=\u00a0\u00bb0&Prime; global_colors_info=\u00a0\u00bb{}\u00a0\u00bb sticky_enabled=\u00a0\u00bb0&Prime;]<\/p>\n<p>Le 23 mai, <a href=\"https:\/\/lidem.eu\/\">L&rsquo;Idem France<\/a> a inaugur\u00e9 <strong>deux studios audiovisuels<\/strong> sur le nouveau campus du Soler avec Jean- Michel Jarre, le pionnier de la musique \u00e9lectronique en France. Musicien avec plus de 85 millions de disques vendus, Jarre ne cesse de r\u00e9inventer le lien entre musique et technologie depuis des d\u00e9cennies. \u00ab\u00a0L&rsquo;Idem est un exemple f\u00e9d\u00e9rateur sur le th\u00e8me des <strong>m\u00e9tavers<\/strong> ou de la technologie avec une approche de la cr\u00e9ation plus c\u00e9r\u00e9brale et plus intuitive\u00a0\u00bb, a d\u00e9clar\u00e9 le musicien et compositeur, parrain des nouveaux studios. \/p>[\/et_pb_text][et_pb_text _builder_version=\u00a0\u00bb4.14.9&Prime; _module_preset=\u00a0\u00bbdefault\u00a0\u00bb global_colors_info=\u00a0\u00bb{}\u00a0\u00bb]<\/p>\n<p>\u00c9quip\u00e9s des <strong>derni\u00e8res technologies<\/strong>, ces espaces sont con\u00e7us comme un lieu de cr\u00e9ation et de collaboration autour de l&rsquo;image, du son et de l&rsquo;immersion. Avec ces nouvelles installations \u00e0 la Cit\u00e9 Digitale du Soler, L&rsquo;Idem s&rsquo;engage \u00e0 d\u00e9velopper une fili\u00e8re enti\u00e8rement d\u00e9di\u00e9e \u00e0 l&rsquo;<strong>industrie des m\u00e9taverses<\/strong>. Par ailleurs, et en partenariat avec les entreprises membres du P\u00f4le Action M\u00e9dia de Perpignan, comme la soci\u00e9t\u00e9 de r\u00e9alit\u00e9 virtuelle VRrOOm, L&rsquo;Idem a cr\u00e9\u00e9 le M\u00e9taLab. Un laboratoire orient\u00e9 vers les m\u00e9dias et le m\u00e9taverse. Avec ce projet, L&rsquo;Idem d\u00e9montre son <strong>lien avec les avanc\u00e9es technologiques<\/strong> et son adaptation aux <strong>nouvelles tendances des industries cr\u00e9atives<\/strong>. Ainsi, les \u00e9tudiants et les professionnels de l&rsquo;\u00e9tablissement seront pr\u00e9par\u00e9s aux m\u00e9tiers de demain.<\/p>\n<p>Les \u00e9tudiants de tous les campus de l&rsquo;\u00c9cole des Arts Cr\u00e9atifs de L&rsquo;Idem peuvent profiter de ces nouvelles installations.<\/p>\n<p>[\/et_pb_text][\/et_pb_column][\/et_pb_row][\/et_pb_section]<\/p>\n","protected":false},"excerpt":{"rendered":"<p>Le 23 mai, L&rsquo;Idem France a inaugur\u00e9 deux studios audiovisuels sur le nouveau campus du Soler avec Jean- Michel Jarre, le pionnier de la musique \u00e9lectronique en France. Musicien avec plus de 85 millions de disques vendus, Jarre ne cesse de r\u00e9inventer le lien entre musique et technologie depuis des d\u00e9cennies. \u00ab\u00a0L&rsquo;Idem est un exemple [&hellip;]<\/p>\n","protected":false},"author":6,"featured_media":18828,"comment_status":"closed","ping_status":"open","sticky":false,"template":"","format":"standard","meta":{"_et_pb_use_builder":"on","_et_pb_old_content":"","_et_gb_content_width":"","content-type":"","inline_featured_image":false,"footnotes":""},"categories":[1,39],"tags":[347,348,349],"class_list":["post-32522","post","type-post","status-publish","format-standard","has-post-thumbnail","hentry","category-sin-categorizar","category-noticias","tag-lidem-france","tag-metaverse","tag-audiovisual-studio"],"yoast_head":"<!-- This site is optimized with the Yoast SEO plugin v27.4 - https:\/\/yoast.com\/product\/yoast-seo-wordpress\/ -->\n<title>L&#039;Idem France - L&#039;Idem France inaugure deux studios audiovisuels<\/title>\n<meta name=\"description\" content=\"L&#039;Idem France ouvre deux studios audiovisuels sur le Campus Le Soler pour d\u00e9velopper une fili\u00e8re d\u00e9di\u00e9e \u00e0 l&#039;industrie du m\u00e9taverse.\" \/>\n<meta name=\"robots\" content=\"index, follow, max-snippet:-1, max-image-preview:large, max-video-preview:-1\" \/>\n<link rel=\"canonical\" href=\"https:\/\/www.lidemschool.com\/fr\/blog\/lidem-france-inaugure-deux-studios-dedies-au-metavers\/\" \/>\n<meta property=\"og:locale\" content=\"fr_FR\" \/>\n<meta property=\"og:type\" content=\"article\" \/>\n<meta property=\"og:title\" content=\"L&#039;Idem France - L&#039;Idem France inaugure deux studios audiovisuels\" \/>\n<meta property=\"og:description\" content=\"L&#039;Idem France ouvre deux studios audiovisuels sur le Campus Le Soler pour d\u00e9velopper une fili\u00e8re d\u00e9di\u00e9e \u00e0 l&#039;industrie du m\u00e9taverse.\" \/>\n<meta property=\"og:url\" content=\"https:\/\/www.lidemschool.com\/fr\/blog\/lidem-france-inaugure-deux-studios-dedies-au-metavers\/\" \/>\n<meta property=\"og:site_name\" content=\"L&#039;Idem Animation School\" \/>\n<meta property=\"article:published_time\" content=\"2023-09-06T14:17:13+00:00\" \/>\n<meta property=\"article:modified_time\" content=\"2023-09-06T14:17:14+00:00\" \/>\n<meta property=\"og:image\" content=\"https:\/\/www.lidemschool.com\/wp-content\/uploads\/2025\/06\/Tendencias-animacion.jpg\" \/>\n\t<meta property=\"og:image:width\" content=\"1080\" \/>\n\t<meta property=\"og:image:height\" content=\"1920\" \/>\n\t<meta property=\"og:image:type\" content=\"image\/jpeg\" \/>\n<meta name=\"author\" content=\"Maria\" \/>\n<meta name=\"twitter:card\" content=\"summary_large_image\" \/>\n<meta name=\"twitter:label1\" content=\"\u00c9crit par\" \/>\n\t<meta name=\"twitter:data1\" content=\"Maria\" \/>\n\t<meta name=\"twitter:label2\" content=\"Dur\u00e9e de lecture estim\u00e9e\" \/>\n\t<meta name=\"twitter:data2\" content=\"2 minutes\" \/>\n<script type=\"application\/ld+json\" class=\"yoast-schema-graph\">{\"@context\":\"https:\\\/\\\/schema.org\",\"@graph\":[{\"@type\":\"Article\",\"@id\":\"https:\\\/\\\/www.lidemschool.com\\\/fr\\\/blog\\\/lidem-france-inaugure-deux-studios-dedies-au-metavers\\\/#article\",\"isPartOf\":{\"@id\":\"https:\\\/\\\/www.lidemschool.com\\\/fr\\\/blog\\\/lidem-france-inaugure-deux-studios-dedies-au-metavers\\\/\"},\"author\":{\"name\":\"Maria\",\"@id\":\"https:\\\/\\\/www.lidemschool.com\\\/fr\\\/#\\\/schema\\\/person\\\/eb7be502025159826cd6f644693f38d5\"},\"headline\":\"L&rsquo;Idem France inaugure deux studios d\u00e9di\u00e9s au m\u00e9taverse\",\"datePublished\":\"2023-09-06T14:17:13+00:00\",\"dateModified\":\"2023-09-06T14:17:14+00:00\",\"mainEntityOfPage\":{\"@id\":\"https:\\\/\\\/www.lidemschool.com\\\/fr\\\/blog\\\/lidem-france-inaugure-deux-studios-dedies-au-metavers\\\/\"},\"wordCount\":364,\"image\":{\"@id\":\"https:\\\/\\\/www.lidemschool.com\\\/fr\\\/blog\\\/lidem-france-inaugure-deux-studios-dedies-au-metavers\\\/#primaryimage\"},\"thumbnailUrl\":\"\",\"keywords\":[\"l'idem france\",\"metaverse\",\"audiovisual studio\"],\"articleSection\":[\"Sin categorizar\",\"Noticias\"],\"inLanguage\":\"fr-FR\"},{\"@type\":\"WebPage\",\"@id\":\"https:\\\/\\\/www.lidemschool.com\\\/fr\\\/blog\\\/lidem-france-inaugure-deux-studios-dedies-au-metavers\\\/\",\"url\":\"https:\\\/\\\/www.lidemschool.com\\\/fr\\\/blog\\\/lidem-france-inaugure-deux-studios-dedies-au-metavers\\\/\",\"name\":\"L'Idem France - L'Idem France inaugure deux studios audiovisuels\",\"isPartOf\":{\"@id\":\"https:\\\/\\\/www.lidemschool.com\\\/fr\\\/#website\"},\"primaryImageOfPage\":{\"@id\":\"https:\\\/\\\/www.lidemschool.com\\\/fr\\\/blog\\\/lidem-france-inaugure-deux-studios-dedies-au-metavers\\\/#primaryimage\"},\"image\":{\"@id\":\"https:\\\/\\\/www.lidemschool.com\\\/fr\\\/blog\\\/lidem-france-inaugure-deux-studios-dedies-au-metavers\\\/#primaryimage\"},\"thumbnailUrl\":\"\",\"datePublished\":\"2023-09-06T14:17:13+00:00\",\"dateModified\":\"2023-09-06T14:17:14+00:00\",\"author\":{\"@id\":\"https:\\\/\\\/www.lidemschool.com\\\/fr\\\/#\\\/schema\\\/person\\\/eb7be502025159826cd6f644693f38d5\"},\"description\":\"L'Idem France ouvre deux studios audiovisuels sur le Campus Le Soler pour d\u00e9velopper une fili\u00e8re d\u00e9di\u00e9e \u00e0 l'industrie du m\u00e9taverse.\",\"breadcrumb\":{\"@id\":\"https:\\\/\\\/www.lidemschool.com\\\/fr\\\/blog\\\/lidem-france-inaugure-deux-studios-dedies-au-metavers\\\/#breadcrumb\"},\"inLanguage\":\"fr-FR\",\"potentialAction\":[{\"@type\":\"ReadAction\",\"target\":[\"https:\\\/\\\/www.lidemschool.com\\\/fr\\\/blog\\\/lidem-france-inaugure-deux-studios-dedies-au-metavers\\\/\"]}]},{\"@type\":\"ImageObject\",\"inLanguage\":\"fr-FR\",\"@id\":\"https:\\\/\\\/www.lidemschool.com\\\/fr\\\/blog\\\/lidem-france-inaugure-deux-studios-dedies-au-metavers\\\/#primaryimage\",\"url\":\"\",\"contentUrl\":\"\",\"width\":1200,\"height\":630,\"caption\":\"idem france inaugura estudis metavers\"},{\"@type\":\"BreadcrumbList\",\"@id\":\"https:\\\/\\\/www.lidemschool.com\\\/fr\\\/blog\\\/lidem-france-inaugure-deux-studios-dedies-au-metavers\\\/#breadcrumb\",\"itemListElement\":[{\"@type\":\"ListItem\",\"position\":1,\"name\":\"Home\",\"item\":\"https:\\\/\\\/www.lidemschool.com\\\/fr\\\/\"},{\"@type\":\"ListItem\",\"position\":2,\"name\":\"L&rsquo;Idem France inaugure deux studios d\u00e9di\u00e9s au m\u00e9taverse\"}]},{\"@type\":\"WebSite\",\"@id\":\"https:\\\/\\\/www.lidemschool.com\\\/fr\\\/#website\",\"url\":\"https:\\\/\\\/www.lidemschool.com\\\/fr\\\/\",\"name\":\"L&#039;Idem Animation School\",\"description\":\"L&#039;Idem Animation School\",\"potentialAction\":[{\"@type\":\"SearchAction\",\"target\":{\"@type\":\"EntryPoint\",\"urlTemplate\":\"https:\\\/\\\/www.lidemschool.com\\\/fr\\\/?s={search_term_string}\"},\"query-input\":{\"@type\":\"PropertyValueSpecification\",\"valueRequired\":true,\"valueName\":\"search_term_string\"}}],\"inLanguage\":\"fr-FR\"},{\"@type\":\"Person\",\"@id\":\"https:\\\/\\\/www.lidemschool.com\\\/fr\\\/#\\\/schema\\\/person\\\/eb7be502025159826cd6f644693f38d5\",\"name\":\"Maria\",\"url\":\"https:\\\/\\\/www.lidemschool.com\\\/fr\\\/blog\\\/author\\\/qxrlu5hswn5lbx8lg6wm\\\/\"}]}<\/script>\n<!-- \/ Yoast SEO plugin. -->","yoast_head_json":{"title":"L'Idem France - L'Idem France inaugure deux studios audiovisuels","description":"L'Idem France ouvre deux studios audiovisuels sur le Campus Le Soler pour d\u00e9velopper une fili\u00e8re d\u00e9di\u00e9e \u00e0 l'industrie du m\u00e9taverse.","robots":{"index":"index","follow":"follow","max-snippet":"max-snippet:-1","max-image-preview":"max-image-preview:large","max-video-preview":"max-video-preview:-1"},"canonical":"https:\/\/www.lidemschool.com\/fr\/blog\/lidem-france-inaugure-deux-studios-dedies-au-metavers\/","og_locale":"fr_FR","og_type":"article","og_title":"L'Idem France - L'Idem France inaugure deux studios audiovisuels","og_description":"L'Idem France ouvre deux studios audiovisuels sur le Campus Le Soler pour d\u00e9velopper une fili\u00e8re d\u00e9di\u00e9e \u00e0 l'industrie du m\u00e9taverse.","og_url":"https:\/\/www.lidemschool.com\/fr\/blog\/lidem-france-inaugure-deux-studios-dedies-au-metavers\/","og_site_name":"L&#039;Idem Animation School","article_published_time":"2023-09-06T14:17:13+00:00","article_modified_time":"2023-09-06T14:17:14+00:00","og_image":[{"width":1080,"height":1920,"url":"https:\/\/www.lidemschool.com\/wp-content\/uploads\/2025\/06\/Tendencias-animacion.jpg","type":"image\/jpeg"}],"author":"Maria","twitter_card":"summary_large_image","twitter_misc":{"\u00c9crit par":"Maria","Dur\u00e9e de lecture estim\u00e9e":"2 minutes"},"schema":{"@context":"https:\/\/schema.org","@graph":[{"@type":"Article","@id":"https:\/\/www.lidemschool.com\/fr\/blog\/lidem-france-inaugure-deux-studios-dedies-au-metavers\/#article","isPartOf":{"@id":"https:\/\/www.lidemschool.com\/fr\/blog\/lidem-france-inaugure-deux-studios-dedies-au-metavers\/"},"author":{"name":"Maria","@id":"https:\/\/www.lidemschool.com\/fr\/#\/schema\/person\/eb7be502025159826cd6f644693f38d5"},"headline":"L&rsquo;Idem France inaugure deux studios d\u00e9di\u00e9s au m\u00e9taverse","datePublished":"2023-09-06T14:17:13+00:00","dateModified":"2023-09-06T14:17:14+00:00","mainEntityOfPage":{"@id":"https:\/\/www.lidemschool.com\/fr\/blog\/lidem-france-inaugure-deux-studios-dedies-au-metavers\/"},"wordCount":364,"image":{"@id":"https:\/\/www.lidemschool.com\/fr\/blog\/lidem-france-inaugure-deux-studios-dedies-au-metavers\/#primaryimage"},"thumbnailUrl":"","keywords":["l'idem france","metaverse","audiovisual studio"],"articleSection":["Sin categorizar","Noticias"],"inLanguage":"fr-FR"},{"@type":"WebPage","@id":"https:\/\/www.lidemschool.com\/fr\/blog\/lidem-france-inaugure-deux-studios-dedies-au-metavers\/","url":"https:\/\/www.lidemschool.com\/fr\/blog\/lidem-france-inaugure-deux-studios-dedies-au-metavers\/","name":"L'Idem France - L'Idem France inaugure deux studios audiovisuels","isPartOf":{"@id":"https:\/\/www.lidemschool.com\/fr\/#website"},"primaryImageOfPage":{"@id":"https:\/\/www.lidemschool.com\/fr\/blog\/lidem-france-inaugure-deux-studios-dedies-au-metavers\/#primaryimage"},"image":{"@id":"https:\/\/www.lidemschool.com\/fr\/blog\/lidem-france-inaugure-deux-studios-dedies-au-metavers\/#primaryimage"},"thumbnailUrl":"","datePublished":"2023-09-06T14:17:13+00:00","dateModified":"2023-09-06T14:17:14+00:00","author":{"@id":"https:\/\/www.lidemschool.com\/fr\/#\/schema\/person\/eb7be502025159826cd6f644693f38d5"},"description":"L'Idem France ouvre deux studios audiovisuels sur le Campus Le Soler pour d\u00e9velopper une fili\u00e8re d\u00e9di\u00e9e \u00e0 l'industrie du m\u00e9taverse.","breadcrumb":{"@id":"https:\/\/www.lidemschool.com\/fr\/blog\/lidem-france-inaugure-deux-studios-dedies-au-metavers\/#breadcrumb"},"inLanguage":"fr-FR","potentialAction":[{"@type":"ReadAction","target":["https:\/\/www.lidemschool.com\/fr\/blog\/lidem-france-inaugure-deux-studios-dedies-au-metavers\/"]}]},{"@type":"ImageObject","inLanguage":"fr-FR","@id":"https:\/\/www.lidemschool.com\/fr\/blog\/lidem-france-inaugure-deux-studios-dedies-au-metavers\/#primaryimage","url":"","contentUrl":"","width":1200,"height":630,"caption":"idem france inaugura estudis metavers"},{"@type":"BreadcrumbList","@id":"https:\/\/www.lidemschool.com\/fr\/blog\/lidem-france-inaugure-deux-studios-dedies-au-metavers\/#breadcrumb","itemListElement":[{"@type":"ListItem","position":1,"name":"Home","item":"https:\/\/www.lidemschool.com\/fr\/"},{"@type":"ListItem","position":2,"name":"L&rsquo;Idem France inaugure deux studios d\u00e9di\u00e9s au m\u00e9taverse"}]},{"@type":"WebSite","@id":"https:\/\/www.lidemschool.com\/fr\/#website","url":"https:\/\/www.lidemschool.com\/fr\/","name":"L&#039;Idem Animation School","description":"L&#039;Idem Animation School","potentialAction":[{"@type":"SearchAction","target":{"@type":"EntryPoint","urlTemplate":"https:\/\/www.lidemschool.com\/fr\/?s={search_term_string}"},"query-input":{"@type":"PropertyValueSpecification","valueRequired":true,"valueName":"search_term_string"}}],"inLanguage":"fr-FR"},{"@type":"Person","@id":"https:\/\/www.lidemschool.com\/fr\/#\/schema\/person\/eb7be502025159826cd6f644693f38d5","name":"Maria","url":"https:\/\/www.lidemschool.com\/fr\/blog\/author\/qxrlu5hswn5lbx8lg6wm\/"}]}},"_links":{"self":[{"href":"https:\/\/www.lidemschool.com\/fr\/wp-json\/wp\/v2\/posts\/32522","targetHints":{"allow":["GET"]}}],"collection":[{"href":"https:\/\/www.lidemschool.com\/fr\/wp-json\/wp\/v2\/posts"}],"about":[{"href":"https:\/\/www.lidemschool.com\/fr\/wp-json\/wp\/v2\/types\/post"}],"author":[{"embeddable":true,"href":"https:\/\/www.lidemschool.com\/fr\/wp-json\/wp\/v2\/users\/6"}],"replies":[{"embeddable":true,"href":"https:\/\/www.lidemschool.com\/fr\/wp-json\/wp\/v2\/comments?post=32522"}],"version-history":[{"count":2,"href":"https:\/\/www.lidemschool.com\/fr\/wp-json\/wp\/v2\/posts\/32522\/revisions"}],"predecessor-version":[{"id":32524,"href":"https:\/\/www.lidemschool.com\/fr\/wp-json\/wp\/v2\/posts\/32522\/revisions\/32524"}],"wp:featuredmedia":[{"embeddable":true,"href":"https:\/\/www.lidemschool.com\/fr\/wp-json\/wp\/v2\/media\/18828"}],"wp:attachment":[{"href":"https:\/\/www.lidemschool.com\/fr\/wp-json\/wp\/v2\/media?parent=32522"}],"wp:term":[{"taxonomy":"category","embeddable":true,"href":"https:\/\/www.lidemschool.com\/fr\/wp-json\/wp\/v2\/categories?post=32522"},{"taxonomy":"post_tag","embeddable":true,"href":"https:\/\/www.lidemschool.com\/fr\/wp-json\/wp\/v2\/tags?post=32522"}],"curies":[{"name":"wp","href":"https:\/\/api.w.org\/{rel}","templated":true}]}}