{"id":32365,"date":"2023-08-31T10:26:07","date_gmt":"2023-08-31T10:26:07","guid":{"rendered":"https:\/\/www.lidemschool.com\/blog\/alumni-lidem-les-4-ans-de-sara-valenzuela\/"},"modified":"2023-08-31T10:26:08","modified_gmt":"2023-08-31T10:26:08","slug":"alumni-lidem-les-4-ans-de-sara-valenzuela","status":"publish","type":"post","link":"https:\/\/www.lidemschool.com\/fr\/blog\/temoignage-anciens-sara-valenzuela\/","title":{"rendered":"Alumni L\u2019Idem : Les 4 ans de Sara Valenzuela"},"content":{"rendered":"<p>[et_pb_section fb_built=\u00a0\u00bb1&Prime; _builder_version=\u00a0\u00bb4.9.7&Prime; _module_preset=\u00a0\u00bbdefault\u00a0\u00bb global_colors_info=\u00a0\u00bb{}\u00a0\u00bb][et_pb_row _builder_version=\u00a0\u00bb4.9.7&Prime; _module_preset=\u00a0\u00bbdefault\u00a0\u00bb global_colors_info=\u00a0\u00bb{}\u00a0\u00bb][et_pb_column type=\u00a0\u00bb4_4&Prime; _builder_version=\u00a0\u00bb4.9.7&Prime; _module_preset=\u00a0\u00bbdefault\u00a0\u00bb global_colors_info=\u00a0\u00bb{}\u00a0\u00bb][et_pb_text _builder_version=\u00a0\u00bb4.14.8&Prime; _module_preset=\u00a0\u00bbdefault\u00a0\u00bb text_font=\u00a0\u00bb|300|||||||\u00a0\u00bb global_colors_info=\u00a0\u00bb{}\u00a0\u00bb]<\/p>\n<p>En 2018, <a href=\"https:\/\/www.artstation.com\/sava_artist\">Sara Valenzuela<\/a> a commenc\u00e9 ses \u00e9tudes sup\u00e9rieures \u00e0 <a href=\"\/higher-studies\/digital-graphic-design- international \/\">Animation 2D\/3D et Jeux Vid\u00e9o<\/a> \u00e0 L&rsquo;Idem. Et en juillet dernier, il a obtenu une <strong>sp\u00e9cialisation en animation 2D<\/strong>. Jeudi prochain, le 28 octobre, il obtiendra son dipl\u00f4me avec ses camarades de classe au Mus\u00e9e du Design de Barcelone. Nous avons discut\u00e9 avec elle pour d\u00e9couvrir comment elle a v\u00e9cu ces 4 ann\u00e9es d&rsquo;entra\u00eenement intense \u00e0 l&rsquo;\u00e9cole.<\/p>\n<p>&nbsp;<\/p>\n<h2><strong>\u00c0 propos de L&rsquo;Idem<\/strong><\/h2>\n<h3><strong>Comment avez-vous connu L&rsquo;Idem ? <\/strong><\/h3>\n<p>En recherchant des universit\u00e9s sur Google, j&rsquo;ai trouv\u00e9 le site Web de l&rsquo;\u00e9cole. J&rsquo;ai trouv\u00e9 sa proposition acad\u00e9mique tr\u00e8s int\u00e9ressante.<\/p>\n<h3><strong>Pourquoi avez-vous d\u00e9cid\u00e9 d\u2019\u00e9tudier \u00e0 l\u2019\u00e9cole ? <\/strong><\/h3>\n<p>Pour \u00eatre l&rsquo;un des seuls centres qui se concentre vraiment sur la partie artistique de l&rsquo;animation, qui a toujours \u00e9t\u00e9 mon domaine d&rsquo;int\u00e9r\u00eat. D&rsquo;autres \u00e9coles se sont davantage concentr\u00e9es sur les logiciels p\u00e9dagogiques et ont ignor\u00e9 la partie la plus cr\u00e9ative.<\/p>\n<h3><strong>Avec quelle id\u00e9e \u00eates-vous arriv\u00e9, que pensiez-vous apprendre \u00e0 votre arriv\u00e9e et qu\u2019avez-vous r\u00e9ellement appris ? <\/strong><\/h3>\n<p>Je suis entr\u00e9 avec l&rsquo;id\u00e9e de devenir animateur 2D\/3D, mais tout au long de la formation \u00e0 L&rsquo;Idem j&rsquo;ai appris tous les aspects d&rsquo;une production d&rsquo;animation. J&rsquo;ai d\u00e9couvert que j&rsquo;\u00e9tais passionn\u00e9 par le storyboard et, finalement, j&rsquo;ai fini par me sp\u00e9cialiser dans le Storyboard et l&rsquo;Animation 2D.<\/p>\n<h3><strong>Qu&rsquo;est-ce qui vous pla\u00eet le plus dans ces ann\u00e9es \u00e0 L&rsquo;Idem ? <\/strong><\/h3>\n<p>Le soutien g\u00e9n\u00e9ral de toute l&rsquo;<a href=\"\/teaching staff\/\">\u00e9quipe p\u00e9dagogique<\/a>. Je suis tr\u00e8s reconnaissant pour toutes vos \u00e9valuations, bonnes et mauvaises, car elles m&rsquo;ont aid\u00e9 \u00e0 m&rsquo;am\u00e9liorer et \u00e0 continuer de m&rsquo;efforcer.<\/p>\n<h3><strong>Qu&rsquo;avez-vous d\u00e9couvert lors de votre formation ? <\/strong><\/h3>\n<p>J&rsquo;ai appris \u00e0 g\u00e9rer plus efficacement ma m\u00e9thode de travail, en plus d&rsquo;apprendre \u00e0 ma\u00eetriser les logiciels actuellement utilis\u00e9s dans les \u00e9tudes internationales. Ce fait est tr\u00e8s important pour pouvoir entrer dans le secteur.<\/p>\n<h3><strong>Comment d\u00e9cririez-vous votre passage \u00e0 l\u2019\u00e9cole ? <\/strong><\/h3>\n<p>Je le d\u00e9cris comme une \u00e9volution et comme une fa\u00e7on de me prouver ce dont je suis capable de faire.<\/p>\n<h3><strong>Voulez-vous nous raconter autre chose sur votre exp\u00e9rience \u00e0 l&rsquo;\u00e9cole ? <\/strong><\/h3>\n<p>Ce fut avant tout une exp\u00e9rience enrichissante dans laquelle je valorise trois aspects :<\/p>\n<ol>\n<li>La libert\u00e9 qu&rsquo;offre l&rsquo;\u00e9cole d&rsquo;interagir avec des coll\u00e8gues de diff\u00e9rentes sp\u00e9cialit\u00e9s. Il est courant de se lever de son si\u00e8ge et de voir le travail des autres, pas seulement des coll\u00e8gues de la m\u00eame discipline.<\/li>\n<li>Retours avec les enseignants : commenter vos propres projets \u00e9limine le sentiment d&rsquo;\u00eatre enferm\u00e9 dans une classe.<\/li>\n<li>L&rsquo;engagement envers vos id\u00e9es : j&rsquo;appr\u00e9cie la libert\u00e9 absolue que L&rsquo;Idem m&rsquo;a offerte pour r\u00e9aliser le travail dans votre style, en plus du soutien re\u00e7u pour continuer dans la ligne qui me convenait le mieux.<\/li >\n<\/ol>\n<p>[\/et_pb_text][et_pb_image src=\u00a0\u00bbhttps:\/\/www.lidemschool.com\/wp-content\/uploads\/2021\/10\/scarpless-sara-valenzuela-1.png\u00a0\u00bb title_text=\u00a0\u00bbscarpless-sara-valenzuela\u00a0\u00bb _builder_version=\u00a0\u00bb4.14.8&Prime; _module_preset=\u00a0\u00bbdefault\u00a0\u00bb hover_enabled=\u00a0\u00bb0&Prime; global_colors_info=\u00a0\u00bb{}\u00a0\u00bb alt=\u00a0\u00bbscarpless-sara-valenzuela\u00a0\u00bb sticky_enabled=\u00a0\u00bb0&Prime;][\/et_pb_image][et_pb_text _builder_version=\u00a0\u00bb4.14.8&Prime; _module_preset=\u00a0\u00bbdefault\u00a0\u00bb global_colors_info=\u00a0\u00bb{}\u00a0\u00bb]<\/p>\n<h2><strong>Parlons de votre avenir<\/strong><\/h2>\n<h3><strong>Maintenant que vous avez termin\u00e9 vos \u00e9tudes, avez-vous des projets en t\u00eate ? <\/strong><\/h3>\n<p>J&rsquo;en ai quelques-uns, mais maintenant je veux me concentrer sur l&rsquo;acquisition d&rsquo;exp\u00e9rience et l&rsquo;am\u00e9lioration encore plus.<\/p>\n<h3><strong>O\u00f9 aimeriez-vous travailler dans quelques ann\u00e9es ? <\/strong><\/h3>\n<p>Avant tout, Storyboard Artist, qu&rsquo;il s&rsquo;agisse de production 2D, 3D ou de jeux vid\u00e9o, j&rsquo;aimerais essayer diff\u00e9rentes choses.<\/p>\n<h3><strong>Qu&rsquo;est-ce que l&rsquo;animation pour vous ? <\/strong><\/h3>\n<p>Pour moi, c&rsquo;est une mani\u00e8re d&rsquo;expliquer, qu&rsquo;il s&rsquo;agisse de valeurs ou d&rsquo;histoires.<\/p>\n<h3><strong>Un conseil pour les futurs \u00e9tudiants qui envisagent d&rsquo;\u00e9tudier \u00e0 l&rsquo;\u00e9cole.<\/strong><\/h3>\n<p>C&rsquo;est un secteur difficile, avec des moments dans lesquels vous serez motiv\u00e9 et d&rsquo;autres dans lesquels vous serez sur le terrain, mais cela fait partie de l&rsquo;apprentissage, continuez !<\/p>\n<p>[\/et_pb_text][et_pb_button button_url=\u00a0\u00bbhttps:\/\/www.lidemschool.com\/fr\/temoignages\/\u00a0\u00bb button_text=\u00a0\u00bbTestimonios\u00a0\u00bb _builder_version=\u00a0\u00bb4.9.7&Prime; _module_preset=\u00a0\u00bbdefault\u00a0\u00bb global_colors_info=\u00a0\u00bb{}\u00a0\u00bb][\/et_pb_button][\/et_pb_column][\/et_pb_row][\/et_pb_section]<\/p>\n","protected":false},"excerpt":{"rendered":"<p>En 2018, Sara Valenzuela a commenc\u00e9 ses \u00e9tudes sup\u00e9rieures \u00e0 Animation 2D\/3D et Jeux Vid\u00e9o \u00e0 L&rsquo;Idem. Et en juillet dernier, il a obtenu une sp\u00e9cialisation en animation 2D. Jeudi prochain, le 28 octobre, il obtiendra son dipl\u00f4me avec ses camarades de classe au Mus\u00e9e du Design de Barcelone. Nous avons discut\u00e9 avec elle pour [&hellip;]<\/p>\n","protected":false},"author":1,"featured_media":32356,"comment_status":"closed","ping_status":"open","sticky":false,"template":"","format":"standard","meta":{"_et_pb_use_builder":"on","_et_pb_old_content":"","_et_gb_content_width":"","content-type":"","inline_featured_image":false,"footnotes":""},"categories":[38],"tags":[481],"class_list":["post-32365","post","type-post","status-publish","format-standard","has-post-thumbnail","hentry","category-animacion","tag-testimonio-fr"],"yoast_head":"<!-- This site is optimized with the Yoast SEO plugin v27.4 - https:\/\/yoast.com\/product\/yoast-seo-wordpress\/ -->\n<title>L&#039;Idem Barcelone | Les 4 ans de Sara Valenzuela<\/title>\n<meta name=\"description\" content=\"En 2018, Sara Valenzuela a commenc\u00e9 des \u00e9tudes sup\u00e9rieures en animation et en 2022 elle a obtenu une sp\u00e9cialisation en animation 2D.\" \/>\n<meta name=\"robots\" content=\"index, follow, max-snippet:-1, max-image-preview:large, max-video-preview:-1\" \/>\n<link rel=\"canonical\" href=\"https:\/\/www.lidemschool.com\/fr\/blog\/temoignage-anciens-sara-valenzuela\/\" \/>\n<meta property=\"og:locale\" content=\"fr_FR\" \/>\n<meta property=\"og:type\" content=\"article\" \/>\n<meta property=\"og:title\" content=\"L&#039;Idem Barcelone | Les 4 ans de Sara Valenzuela\" \/>\n<meta property=\"og:description\" content=\"En 2018, Sara Valenzuela a commenc\u00e9 des \u00e9tudes sup\u00e9rieures en animation et en 2022 elle a obtenu une sp\u00e9cialisation en animation 2D.\" \/>\n<meta property=\"og:url\" content=\"https:\/\/www.lidemschool.com\/fr\/blog\/temoignage-anciens-sara-valenzuela\/\" \/>\n<meta property=\"og:site_name\" content=\"L&#039;Idem Animation School\" \/>\n<meta property=\"article:published_time\" content=\"2023-08-31T10:26:07+00:00\" \/>\n<meta property=\"article:modified_time\" content=\"2023-08-31T10:26:08+00:00\" \/>\n<meta property=\"og:image\" content=\"https:\/\/www.lidemschool.com\/wp-content\/uploads\/2021\/11\/valenzuelaalcaraz_sara.jpg\" \/>\n\t<meta property=\"og:image:width\" content=\"1200\" \/>\n\t<meta property=\"og:image:height\" content=\"1200\" \/>\n\t<meta property=\"og:image:type\" content=\"image\/jpeg\" \/>\n<meta name=\"author\" content=\"JGjtM3w8cv9UJfsdm1bg\" \/>\n<meta name=\"twitter:card\" content=\"summary_large_image\" \/>\n<meta name=\"twitter:label1\" content=\"\u00c9crit par\" \/>\n\t<meta name=\"twitter:data1\" content=\"JGjtM3w8cv9UJfsdm1bg\" \/>\n\t<meta name=\"twitter:label2\" content=\"Dur\u00e9e de lecture estim\u00e9e\" \/>\n\t<meta name=\"twitter:data2\" content=\"4 minutes\" \/>\n<script type=\"application\/ld+json\" class=\"yoast-schema-graph\">{\"@context\":\"https:\\\/\\\/schema.org\",\"@graph\":[{\"@type\":\"Article\",\"@id\":\"https:\\\/\\\/www.lidemschool.com\\\/fr\\\/blog\\\/temoignage-anciens-sara-valenzuela\\\/#article\",\"isPartOf\":{\"@id\":\"https:\\\/\\\/www.lidemschool.com\\\/fr\\\/blog\\\/temoignage-anciens-sara-valenzuela\\\/\"},\"author\":{\"name\":\"JGjtM3w8cv9UJfsdm1bg\",\"@id\":\"https:\\\/\\\/www.lidemschool.com\\\/fr\\\/#\\\/schema\\\/person\\\/e528c490e983bc46bb80062c928a638e\"},\"headline\":\"Alumni L\u2019Idem : Les 4 ans de Sara Valenzuela\",\"datePublished\":\"2023-08-31T10:26:07+00:00\",\"dateModified\":\"2023-08-31T10:26:08+00:00\",\"mainEntityOfPage\":{\"@id\":\"https:\\\/\\\/www.lidemschool.com\\\/fr\\\/blog\\\/temoignage-anciens-sara-valenzuela\\\/\"},\"wordCount\":778,\"image\":{\"@id\":\"https:\\\/\\\/www.lidemschool.com\\\/fr\\\/blog\\\/temoignage-anciens-sara-valenzuela\\\/#primaryimage\"},\"thumbnailUrl\":\"https:\\\/\\\/www.lidemschool.com\\\/wp-content\\\/uploads\\\/2021\\\/11\\\/valenzuelaalcaraz_sara.jpg\",\"keywords\":[\"testimonio\"],\"articleSection\":[\"Animaci\u00f3n\"],\"inLanguage\":\"fr-FR\"},{\"@type\":\"WebPage\",\"@id\":\"https:\\\/\\\/www.lidemschool.com\\\/fr\\\/blog\\\/temoignage-anciens-sara-valenzuela\\\/\",\"url\":\"https:\\\/\\\/www.lidemschool.com\\\/fr\\\/blog\\\/temoignage-anciens-sara-valenzuela\\\/\",\"name\":\"L'Idem Barcelone | Les 4 ans de Sara Valenzuela\",\"isPartOf\":{\"@id\":\"https:\\\/\\\/www.lidemschool.com\\\/fr\\\/#website\"},\"primaryImageOfPage\":{\"@id\":\"https:\\\/\\\/www.lidemschool.com\\\/fr\\\/blog\\\/temoignage-anciens-sara-valenzuela\\\/#primaryimage\"},\"image\":{\"@id\":\"https:\\\/\\\/www.lidemschool.com\\\/fr\\\/blog\\\/temoignage-anciens-sara-valenzuela\\\/#primaryimage\"},\"thumbnailUrl\":\"https:\\\/\\\/www.lidemschool.com\\\/wp-content\\\/uploads\\\/2021\\\/11\\\/valenzuelaalcaraz_sara.jpg\",\"datePublished\":\"2023-08-31T10:26:07+00:00\",\"dateModified\":\"2023-08-31T10:26:08+00:00\",\"author\":{\"@id\":\"https:\\\/\\\/www.lidemschool.com\\\/fr\\\/#\\\/schema\\\/person\\\/e528c490e983bc46bb80062c928a638e\"},\"description\":\"En 2018, Sara Valenzuela a commenc\u00e9 des \u00e9tudes sup\u00e9rieures en animation et en 2022 elle a obtenu une sp\u00e9cialisation en animation 2D.\",\"breadcrumb\":{\"@id\":\"https:\\\/\\\/www.lidemschool.com\\\/fr\\\/blog\\\/temoignage-anciens-sara-valenzuela\\\/#breadcrumb\"},\"inLanguage\":\"fr-FR\",\"potentialAction\":[{\"@type\":\"ReadAction\",\"target\":[\"https:\\\/\\\/www.lidemschool.com\\\/fr\\\/blog\\\/temoignage-anciens-sara-valenzuela\\\/\"]}]},{\"@type\":\"ImageObject\",\"inLanguage\":\"fr-FR\",\"@id\":\"https:\\\/\\\/www.lidemschool.com\\\/fr\\\/blog\\\/temoignage-anciens-sara-valenzuela\\\/#primaryimage\",\"url\":\"https:\\\/\\\/www.lidemschool.com\\\/wp-content\\\/uploads\\\/2021\\\/11\\\/valenzuelaalcaraz_sara.jpg\",\"contentUrl\":\"https:\\\/\\\/www.lidemschool.com\\\/wp-content\\\/uploads\\\/2021\\\/11\\\/valenzuelaalcaraz_sara.jpg\",\"width\":1200,\"height\":1200,\"caption\":\"valenzuelaalcaraz_sara\"},{\"@type\":\"BreadcrumbList\",\"@id\":\"https:\\\/\\\/www.lidemschool.com\\\/fr\\\/blog\\\/temoignage-anciens-sara-valenzuela\\\/#breadcrumb\",\"itemListElement\":[{\"@type\":\"ListItem\",\"position\":1,\"name\":\"Home\",\"item\":\"https:\\\/\\\/www.lidemschool.com\\\/fr\\\/\"},{\"@type\":\"ListItem\",\"position\":2,\"name\":\"Alumni L\u2019Idem : Les 4 ans de Sara Valenzuela\"}]},{\"@type\":\"WebSite\",\"@id\":\"https:\\\/\\\/www.lidemschool.com\\\/fr\\\/#website\",\"url\":\"https:\\\/\\\/www.lidemschool.com\\\/fr\\\/\",\"name\":\"L&#039;Idem Animation School\",\"description\":\"L&#039;Idem Animation School\",\"potentialAction\":[{\"@type\":\"SearchAction\",\"target\":{\"@type\":\"EntryPoint\",\"urlTemplate\":\"https:\\\/\\\/www.lidemschool.com\\\/fr\\\/?s={search_term_string}\"},\"query-input\":{\"@type\":\"PropertyValueSpecification\",\"valueRequired\":true,\"valueName\":\"search_term_string\"}}],\"inLanguage\":\"fr-FR\"},{\"@type\":\"Person\",\"@id\":\"https:\\\/\\\/www.lidemschool.com\\\/fr\\\/#\\\/schema\\\/person\\\/e528c490e983bc46bb80062c928a638e\",\"name\":\"JGjtM3w8cv9UJfsdm1bg\",\"sameAs\":[\"https:\\\/\\\/www.lidembarcelona.com\"],\"url\":\"https:\\\/\\\/www.lidemschool.com\\\/fr\\\/blog\\\/author\\\/jgjtm3w8cv9ujfsdm1bg\\\/\"}]}<\/script>\n<!-- \/ Yoast SEO plugin. -->","yoast_head_json":{"title":"L'Idem Barcelone | Les 4 ans de Sara Valenzuela","description":"En 2018, Sara Valenzuela a commenc\u00e9 des \u00e9tudes sup\u00e9rieures en animation et en 2022 elle a obtenu une sp\u00e9cialisation en animation 2D.","robots":{"index":"index","follow":"follow","max-snippet":"max-snippet:-1","max-image-preview":"max-image-preview:large","max-video-preview":"max-video-preview:-1"},"canonical":"https:\/\/www.lidemschool.com\/fr\/blog\/temoignage-anciens-sara-valenzuela\/","og_locale":"fr_FR","og_type":"article","og_title":"L'Idem Barcelone | Les 4 ans de Sara Valenzuela","og_description":"En 2018, Sara Valenzuela a commenc\u00e9 des \u00e9tudes sup\u00e9rieures en animation et en 2022 elle a obtenu une sp\u00e9cialisation en animation 2D.","og_url":"https:\/\/www.lidemschool.com\/fr\/blog\/temoignage-anciens-sara-valenzuela\/","og_site_name":"L&#039;Idem Animation School","article_published_time":"2023-08-31T10:26:07+00:00","article_modified_time":"2023-08-31T10:26:08+00:00","og_image":[{"width":1200,"height":1200,"url":"https:\/\/www.lidemschool.com\/wp-content\/uploads\/2021\/11\/valenzuelaalcaraz_sara.jpg","type":"image\/jpeg"}],"author":"JGjtM3w8cv9UJfsdm1bg","twitter_card":"summary_large_image","twitter_misc":{"\u00c9crit par":"JGjtM3w8cv9UJfsdm1bg","Dur\u00e9e de lecture estim\u00e9e":"4 minutes"},"schema":{"@context":"https:\/\/schema.org","@graph":[{"@type":"Article","@id":"https:\/\/www.lidemschool.com\/fr\/blog\/temoignage-anciens-sara-valenzuela\/#article","isPartOf":{"@id":"https:\/\/www.lidemschool.com\/fr\/blog\/temoignage-anciens-sara-valenzuela\/"},"author":{"name":"JGjtM3w8cv9UJfsdm1bg","@id":"https:\/\/www.lidemschool.com\/fr\/#\/schema\/person\/e528c490e983bc46bb80062c928a638e"},"headline":"Alumni L\u2019Idem : Les 4 ans de Sara Valenzuela","datePublished":"2023-08-31T10:26:07+00:00","dateModified":"2023-08-31T10:26:08+00:00","mainEntityOfPage":{"@id":"https:\/\/www.lidemschool.com\/fr\/blog\/temoignage-anciens-sara-valenzuela\/"},"wordCount":778,"image":{"@id":"https:\/\/www.lidemschool.com\/fr\/blog\/temoignage-anciens-sara-valenzuela\/#primaryimage"},"thumbnailUrl":"https:\/\/www.lidemschool.com\/wp-content\/uploads\/2021\/11\/valenzuelaalcaraz_sara.jpg","keywords":["testimonio"],"articleSection":["Animaci\u00f3n"],"inLanguage":"fr-FR"},{"@type":"WebPage","@id":"https:\/\/www.lidemschool.com\/fr\/blog\/temoignage-anciens-sara-valenzuela\/","url":"https:\/\/www.lidemschool.com\/fr\/blog\/temoignage-anciens-sara-valenzuela\/","name":"L'Idem Barcelone | Les 4 ans de Sara Valenzuela","isPartOf":{"@id":"https:\/\/www.lidemschool.com\/fr\/#website"},"primaryImageOfPage":{"@id":"https:\/\/www.lidemschool.com\/fr\/blog\/temoignage-anciens-sara-valenzuela\/#primaryimage"},"image":{"@id":"https:\/\/www.lidemschool.com\/fr\/blog\/temoignage-anciens-sara-valenzuela\/#primaryimage"},"thumbnailUrl":"https:\/\/www.lidemschool.com\/wp-content\/uploads\/2021\/11\/valenzuelaalcaraz_sara.jpg","datePublished":"2023-08-31T10:26:07+00:00","dateModified":"2023-08-31T10:26:08+00:00","author":{"@id":"https:\/\/www.lidemschool.com\/fr\/#\/schema\/person\/e528c490e983bc46bb80062c928a638e"},"description":"En 2018, Sara Valenzuela a commenc\u00e9 des \u00e9tudes sup\u00e9rieures en animation et en 2022 elle a obtenu une sp\u00e9cialisation en animation 2D.","breadcrumb":{"@id":"https:\/\/www.lidemschool.com\/fr\/blog\/temoignage-anciens-sara-valenzuela\/#breadcrumb"},"inLanguage":"fr-FR","potentialAction":[{"@type":"ReadAction","target":["https:\/\/www.lidemschool.com\/fr\/blog\/temoignage-anciens-sara-valenzuela\/"]}]},{"@type":"ImageObject","inLanguage":"fr-FR","@id":"https:\/\/www.lidemschool.com\/fr\/blog\/temoignage-anciens-sara-valenzuela\/#primaryimage","url":"https:\/\/www.lidemschool.com\/wp-content\/uploads\/2021\/11\/valenzuelaalcaraz_sara.jpg","contentUrl":"https:\/\/www.lidemschool.com\/wp-content\/uploads\/2021\/11\/valenzuelaalcaraz_sara.jpg","width":1200,"height":1200,"caption":"valenzuelaalcaraz_sara"},{"@type":"BreadcrumbList","@id":"https:\/\/www.lidemschool.com\/fr\/blog\/temoignage-anciens-sara-valenzuela\/#breadcrumb","itemListElement":[{"@type":"ListItem","position":1,"name":"Home","item":"https:\/\/www.lidemschool.com\/fr\/"},{"@type":"ListItem","position":2,"name":"Alumni L\u2019Idem : Les 4 ans de Sara Valenzuela"}]},{"@type":"WebSite","@id":"https:\/\/www.lidemschool.com\/fr\/#website","url":"https:\/\/www.lidemschool.com\/fr\/","name":"L&#039;Idem Animation School","description":"L&#039;Idem Animation School","potentialAction":[{"@type":"SearchAction","target":{"@type":"EntryPoint","urlTemplate":"https:\/\/www.lidemschool.com\/fr\/?s={search_term_string}"},"query-input":{"@type":"PropertyValueSpecification","valueRequired":true,"valueName":"search_term_string"}}],"inLanguage":"fr-FR"},{"@type":"Person","@id":"https:\/\/www.lidemschool.com\/fr\/#\/schema\/person\/e528c490e983bc46bb80062c928a638e","name":"JGjtM3w8cv9UJfsdm1bg","sameAs":["https:\/\/www.lidembarcelona.com"],"url":"https:\/\/www.lidemschool.com\/fr\/blog\/author\/jgjtm3w8cv9ujfsdm1bg\/"}]}},"_links":{"self":[{"href":"https:\/\/www.lidemschool.com\/fr\/wp-json\/wp\/v2\/posts\/32365","targetHints":{"allow":["GET"]}}],"collection":[{"href":"https:\/\/www.lidemschool.com\/fr\/wp-json\/wp\/v2\/posts"}],"about":[{"href":"https:\/\/www.lidemschool.com\/fr\/wp-json\/wp\/v2\/types\/post"}],"author":[{"embeddable":true,"href":"https:\/\/www.lidemschool.com\/fr\/wp-json\/wp\/v2\/users\/1"}],"replies":[{"embeddable":true,"href":"https:\/\/www.lidemschool.com\/fr\/wp-json\/wp\/v2\/comments?post=32365"}],"version-history":[{"count":2,"href":"https:\/\/www.lidemschool.com\/fr\/wp-json\/wp\/v2\/posts\/32365\/revisions"}],"predecessor-version":[{"id":32367,"href":"https:\/\/www.lidemschool.com\/fr\/wp-json\/wp\/v2\/posts\/32365\/revisions\/32367"}],"wp:featuredmedia":[{"embeddable":true,"href":"https:\/\/www.lidemschool.com\/fr\/wp-json\/wp\/v2\/media\/32356"}],"wp:attachment":[{"href":"https:\/\/www.lidemschool.com\/fr\/wp-json\/wp\/v2\/media?parent=32365"}],"wp:term":[{"taxonomy":"category","embeddable":true,"href":"https:\/\/www.lidemschool.com\/fr\/wp-json\/wp\/v2\/categories?post=32365"},{"taxonomy":"post_tag","embeddable":true,"href":"https:\/\/www.lidemschool.com\/fr\/wp-json\/wp\/v2\/tags?post=32365"}],"curies":[{"name":"wp","href":"https:\/\/api.w.org\/{rel}","templated":true}]}}