{"id":31769,"date":"2023-07-06T11:46:02","date_gmt":"2023-07-06T11:46:02","guid":{"rendered":"https:\/\/www.lidemschool.com\/blog\/the-sun-thief-selectionne-dans-la-16eme-baixada-animada\/"},"modified":"2025-07-28T19:29:04","modified_gmt":"2025-07-28T19:29:04","slug":"the-sun-thief-selectionne-dans-la-16eme-baixada-animada","status":"publish","type":"post","link":"https:\/\/www.lidemschool.com\/fr\/blog\/le-voleur-de-soleil-selectionne-dans-le-16e-baixada-anime\/","title":{"rendered":"\u2018The Sun Thief\u2019 s\u00e9lectionn\u00e9 dans la 16\u00e8me Baixada Animada"},"content":{"rendered":"<p>Le court m\u00e9trage <em><strong>The Sun Thief<\/strong><\/em> cr\u00e9\u00e9 par les \u00e9tudiants de <a href=\"https:\/\/www.lidemschool.com\/bachelors-programs\/carrera-de-animacion-2d\/\" target=\"_blank\" rel=\"noopener\">Animation<\/a> de la promotion 2021-2022 de L&rsquo;Idem Barcelona, \u200b\u200b\u200b\u200ba \u00e9t\u00e9 s\u00e9lectionn\u00e9e dans la <strong>16\u00e8me Baixada Animada&lt;\/strong &gt;, la <a href=\"https:\/\/benguela.com.br\/baixadaanimada\/\" target=\"_blank\" rel=\"noopener\">Mostra<\/a> Ibero-Americana de Cinema de Anima\u00e7ao, dans la cat\u00e9gorie &lsquo; Curtas ib\u00e9ro-am\u00e9ricains&rsquo;.<\/strong><\/p>\n<h4><strong>Festival d&rsquo;animation Baixada<\/strong><\/h4>\n<p>Cette exposition de courts et longs m\u00e9trages d&rsquo;animation se tient du <strong>27 septembre au 8 octobre \u00e0 S\u00e4o Jo\u00e4o de Meriti, Rio de Janeiro (Br\u00e9sil)<\/strong> et est l&rsquo;un des principaux \u00e9v\u00e9nements d\u00e9di\u00e9s \u00e0 la promotion de la production contemporaine du cin\u00e9ma d&rsquo;animation ib\u00e9ro-am\u00e9ricain. Cette ann\u00e9e, il apporte une nouveaut\u00e9 et c&rsquo;est que les principales productions de pays hors de la r\u00e9gion ib\u00e9ro-am\u00e9ricaine comme le Portugal ou l&rsquo;Espagne sont pr\u00e9sent\u00e9es.<\/p>\n<p>Les courts m\u00e9trages des \u00e9tudiants continuent de parcourir le monde !<\/p>\n<p><img loading=\"lazy\" decoding=\"async\" width=\"350\" height=\"350\" class=\"wp-image-31765 size-full aligncenter\" src=\"https:\/\/www.lidemschool.com\/wp-content\/uploads\/2023\/07\/baixadaanimada_1-1.jpg\" alt=\"baixada-animada -1\" srcset=\"https:\/\/www.lidemschool.com\/wp-content\/uploads\/2023\/07\/baixadaanimada_1-1.jpg 350w, https:\/\/www.lidemschool.com\/wp-content\/uploads\/2023\/07\/baixadaanimada_1-1-300x300.jpg 300w, https:\/\/www.lidemschool.com\/wp-content\/uploads\/2023\/07\/baixadaanimada_1-1-150x150.jpg 150w\" sizes=\"(max-width: 350px) 100vw, 350px\" \/><\/p>\n","protected":false},"excerpt":{"rendered":"<p>Le court m\u00e9trage The Sun Thief cr\u00e9\u00e9 par les \u00e9tudiants de Animation de la promotion 2021-2022 de L&rsquo;Idem Barcelona, \u200b\u200b\u200b\u200ba \u00e9t\u00e9 s\u00e9lectionn\u00e9e dans la 16\u00e8me Baixada Animada&lt;\/strong &gt;, la Mostra Ibero-Americana de Cinema de Anima\u00e7ao, dans la cat\u00e9gorie &lsquo; Curtas ib\u00e9ro-am\u00e9ricains&rsquo;. Festival d&rsquo;animation Baixada Cette exposition de courts et longs m\u00e9trages d&rsquo;animation se tient du [&hellip;]<\/p>\n","protected":false},"author":7,"featured_media":31755,"comment_status":"closed","ping_status":"open","sticky":false,"template":"","format":"standard","meta":{"_et_pb_use_builder":"","_et_pb_old_content":"","_et_gb_content_width":"","content-type":"","inline_featured_image":false,"footnotes":""},"categories":[193],"tags":[454,752,800,804],"class_list":["post-31769","post","type-post","status-publish","format-standard","has-post-thumbnail","hentry","category-animation-fr","tag-animacion-2-fr","tag-animacion-2d-fr","tag-festival-fr","tag-lidem-barcelona-fr"],"yoast_head":"<!-- This site is optimized with the Yoast SEO plugin v27.4 - https:\/\/yoast.com\/product\/yoast-seo-wordpress\/ -->\n<title>\u2018The Sun Thief\u2019 s\u00e9lectionn\u00e9 dans la 16\u00e8me \u00e9dition de Baixada Animada<\/title>\n<meta name=\"description\" content=\"The Sun Thief, cr\u00e9\u00e9 par les \u00e9tudiants en animation de la promotion 2021-22 de L&#039;Idem Barcelona, \u200b\u200b\u200b\u200bs\u00e9lectionn\u00e9 dans la 16e \u00e9dition de Baixada Animada.\" \/>\n<meta name=\"robots\" content=\"index, follow, max-snippet:-1, max-image-preview:large, max-video-preview:-1\" \/>\n<link rel=\"canonical\" href=\"https:\/\/www.lidemschool.com\/fr\/blog\/le-voleur-de-soleil-selectionne-dans-le-16e-baixada-anime\/\" \/>\n<meta property=\"og:locale\" content=\"fr_FR\" \/>\n<meta property=\"og:type\" content=\"article\" \/>\n<meta property=\"og:title\" content=\"\u2018The Sun Thief\u2019 s\u00e9lectionn\u00e9 dans la 16\u00e8me \u00e9dition de Baixada Animada\" \/>\n<meta property=\"og:description\" content=\"The Sun Thief, cr\u00e9\u00e9 par les \u00e9tudiants en animation de la promotion 2021-22 de L&#039;Idem Barcelona, \u200b\u200b\u200b\u200bs\u00e9lectionn\u00e9 dans la 16e \u00e9dition de Baixada Animada.\" \/>\n<meta property=\"og:url\" content=\"https:\/\/www.lidemschool.com\/fr\/blog\/le-voleur-de-soleil-selectionne-dans-le-16e-baixada-anime\/\" \/>\n<meta property=\"og:site_name\" content=\"L&#039;Idem Animation School\" \/>\n<meta property=\"article:published_time\" content=\"2023-07-06T11:46:02+00:00\" \/>\n<meta property=\"article:modified_time\" content=\"2025-07-28T19:29:04+00:00\" \/>\n<meta property=\"og:image\" content=\"https:\/\/www.lidemschool.com\/wp-content\/uploads\/2023\/07\/baixada_animada_banner.jpg\" \/>\n\t<meta property=\"og:image:width\" content=\"650\" \/>\n\t<meta property=\"og:image:height\" content=\"366\" \/>\n\t<meta property=\"og:image:type\" content=\"image\/jpeg\" \/>\n<meta name=\"author\" content=\"Nuria\" \/>\n<meta name=\"twitter:card\" content=\"summary_large_image\" \/>\n<meta name=\"twitter:label1\" content=\"\u00c9crit par\" \/>\n\t<meta name=\"twitter:data1\" content=\"Nuria\" \/>\n\t<meta name=\"twitter:label2\" content=\"Dur\u00e9e de lecture estim\u00e9e\" \/>\n\t<meta name=\"twitter:data2\" content=\"1 minute\" \/>\n<script type=\"application\/ld+json\" class=\"yoast-schema-graph\">{\"@context\":\"https:\\\/\\\/schema.org\",\"@graph\":[{\"@type\":\"Article\",\"@id\":\"https:\\\/\\\/www.lidemschool.com\\\/fr\\\/blog\\\/le-voleur-de-soleil-selectionne-dans-le-16e-baixada-anime\\\/#article\",\"isPartOf\":{\"@id\":\"https:\\\/\\\/www.lidemschool.com\\\/fr\\\/blog\\\/le-voleur-de-soleil-selectionne-dans-le-16e-baixada-anime\\\/\"},\"author\":{\"name\":\"Nuria\",\"@id\":\"https:\\\/\\\/www.lidemschool.com\\\/fr\\\/#\\\/schema\\\/person\\\/e799389631972a78b9cb9ae5ced992d8\"},\"headline\":\"\u2018The Sun Thief\u2019 s\u00e9lectionn\u00e9 dans la 16\u00e8me Baixada Animada\",\"datePublished\":\"2023-07-06T11:46:02+00:00\",\"dateModified\":\"2025-07-28T19:29:04+00:00\",\"mainEntityOfPage\":{\"@id\":\"https:\\\/\\\/www.lidemschool.com\\\/fr\\\/blog\\\/le-voleur-de-soleil-selectionne-dans-le-16e-baixada-anime\\\/\"},\"wordCount\":161,\"image\":{\"@id\":\"https:\\\/\\\/www.lidemschool.com\\\/fr\\\/blog\\\/le-voleur-de-soleil-selectionne-dans-le-16e-baixada-anime\\\/#primaryimage\"},\"thumbnailUrl\":\"https:\\\/\\\/www.lidemschool.com\\\/wp-content\\\/uploads\\\/2023\\\/07\\\/baixada_animada_banner.jpg\",\"keywords\":[\"animaci\u00f3n\",\"animaci\u00f3n 2D\",\"Festival\",\"l'idem barcelona\"],\"articleSection\":[\"Animation\"],\"inLanguage\":\"fr-FR\"},{\"@type\":\"WebPage\",\"@id\":\"https:\\\/\\\/www.lidemschool.com\\\/fr\\\/blog\\\/le-voleur-de-soleil-selectionne-dans-le-16e-baixada-anime\\\/\",\"url\":\"https:\\\/\\\/www.lidemschool.com\\\/fr\\\/blog\\\/le-voleur-de-soleil-selectionne-dans-le-16e-baixada-anime\\\/\",\"name\":\"\u2018The Sun Thief\u2019 s\u00e9lectionn\u00e9 dans la 16\u00e8me \u00e9dition de Baixada Animada\",\"isPartOf\":{\"@id\":\"https:\\\/\\\/www.lidemschool.com\\\/fr\\\/#website\"},\"primaryImageOfPage\":{\"@id\":\"https:\\\/\\\/www.lidemschool.com\\\/fr\\\/blog\\\/le-voleur-de-soleil-selectionne-dans-le-16e-baixada-anime\\\/#primaryimage\"},\"image\":{\"@id\":\"https:\\\/\\\/www.lidemschool.com\\\/fr\\\/blog\\\/le-voleur-de-soleil-selectionne-dans-le-16e-baixada-anime\\\/#primaryimage\"},\"thumbnailUrl\":\"https:\\\/\\\/www.lidemschool.com\\\/wp-content\\\/uploads\\\/2023\\\/07\\\/baixada_animada_banner.jpg\",\"datePublished\":\"2023-07-06T11:46:02+00:00\",\"dateModified\":\"2025-07-28T19:29:04+00:00\",\"author\":{\"@id\":\"https:\\\/\\\/www.lidemschool.com\\\/fr\\\/#\\\/schema\\\/person\\\/e799389631972a78b9cb9ae5ced992d8\"},\"description\":\"The Sun Thief, cr\u00e9\u00e9 par les \u00e9tudiants en animation de la promotion 2021-22 de L'Idem Barcelona, \u200b\u200b\u200b\u200bs\u00e9lectionn\u00e9 dans la 16e \u00e9dition de Baixada Animada.\",\"breadcrumb\":{\"@id\":\"https:\\\/\\\/www.lidemschool.com\\\/fr\\\/blog\\\/le-voleur-de-soleil-selectionne-dans-le-16e-baixada-anime\\\/#breadcrumb\"},\"inLanguage\":\"fr-FR\",\"potentialAction\":[{\"@type\":\"ReadAction\",\"target\":[\"https:\\\/\\\/www.lidemschool.com\\\/fr\\\/blog\\\/le-voleur-de-soleil-selectionne-dans-le-16e-baixada-anime\\\/\"]}]},{\"@type\":\"ImageObject\",\"inLanguage\":\"fr-FR\",\"@id\":\"https:\\\/\\\/www.lidemschool.com\\\/fr\\\/blog\\\/le-voleur-de-soleil-selectionne-dans-le-16e-baixada-anime\\\/#primaryimage\",\"url\":\"https:\\\/\\\/www.lidemschool.com\\\/wp-content\\\/uploads\\\/2023\\\/07\\\/baixada_animada_banner.jpg\",\"contentUrl\":\"https:\\\/\\\/www.lidemschool.com\\\/wp-content\\\/uploads\\\/2023\\\/07\\\/baixada_animada_banner.jpg\",\"width\":650,\"height\":366,\"caption\":\"baixada_animada_banner\"},{\"@type\":\"BreadcrumbList\",\"@id\":\"https:\\\/\\\/www.lidemschool.com\\\/fr\\\/blog\\\/le-voleur-de-soleil-selectionne-dans-le-16e-baixada-anime\\\/#breadcrumb\",\"itemListElement\":[{\"@type\":\"ListItem\",\"position\":1,\"name\":\"Home\",\"item\":\"https:\\\/\\\/www.lidemschool.com\\\/fr\\\/\"},{\"@type\":\"ListItem\",\"position\":2,\"name\":\"\u2018The Sun Thief\u2019 s\u00e9lectionn\u00e9 dans la 16\u00e8me Baixada Animada\"}]},{\"@type\":\"WebSite\",\"@id\":\"https:\\\/\\\/www.lidemschool.com\\\/fr\\\/#website\",\"url\":\"https:\\\/\\\/www.lidemschool.com\\\/fr\\\/\",\"name\":\"L&#039;Idem Animation School\",\"description\":\"L&#039;Idem Animation School\",\"potentialAction\":[{\"@type\":\"SearchAction\",\"target\":{\"@type\":\"EntryPoint\",\"urlTemplate\":\"https:\\\/\\\/www.lidemschool.com\\\/fr\\\/?s={search_term_string}\"},\"query-input\":{\"@type\":\"PropertyValueSpecification\",\"valueRequired\":true,\"valueName\":\"search_term_string\"}}],\"inLanguage\":\"fr-FR\"},{\"@type\":\"Person\",\"@id\":\"https:\\\/\\\/www.lidemschool.com\\\/fr\\\/#\\\/schema\\\/person\\\/e799389631972a78b9cb9ae5ced992d8\",\"name\":\"Nuria\",\"url\":\"https:\\\/\\\/www.lidemschool.com\\\/fr\\\/blog\\\/author\\\/kjtbkerqxyy80lgjuijo\\\/\"}]}<\/script>\n<!-- \/ Yoast SEO plugin. -->","yoast_head_json":{"title":"\u2018The Sun Thief\u2019 s\u00e9lectionn\u00e9 dans la 16\u00e8me \u00e9dition de Baixada Animada","description":"The Sun Thief, cr\u00e9\u00e9 par les \u00e9tudiants en animation de la promotion 2021-22 de L'Idem Barcelona, \u200b\u200b\u200b\u200bs\u00e9lectionn\u00e9 dans la 16e \u00e9dition de Baixada Animada.","robots":{"index":"index","follow":"follow","max-snippet":"max-snippet:-1","max-image-preview":"max-image-preview:large","max-video-preview":"max-video-preview:-1"},"canonical":"https:\/\/www.lidemschool.com\/fr\/blog\/le-voleur-de-soleil-selectionne-dans-le-16e-baixada-anime\/","og_locale":"fr_FR","og_type":"article","og_title":"\u2018The Sun Thief\u2019 s\u00e9lectionn\u00e9 dans la 16\u00e8me \u00e9dition de Baixada Animada","og_description":"The Sun Thief, cr\u00e9\u00e9 par les \u00e9tudiants en animation de la promotion 2021-22 de L'Idem Barcelona, \u200b\u200b\u200b\u200bs\u00e9lectionn\u00e9 dans la 16e \u00e9dition de Baixada Animada.","og_url":"https:\/\/www.lidemschool.com\/fr\/blog\/le-voleur-de-soleil-selectionne-dans-le-16e-baixada-anime\/","og_site_name":"L&#039;Idem Animation School","article_published_time":"2023-07-06T11:46:02+00:00","article_modified_time":"2025-07-28T19:29:04+00:00","og_image":[{"width":650,"height":366,"url":"https:\/\/www.lidemschool.com\/wp-content\/uploads\/2023\/07\/baixada_animada_banner.jpg","type":"image\/jpeg"}],"author":"Nuria","twitter_card":"summary_large_image","twitter_misc":{"\u00c9crit par":"Nuria","Dur\u00e9e de lecture estim\u00e9e":"1 minute"},"schema":{"@context":"https:\/\/schema.org","@graph":[{"@type":"Article","@id":"https:\/\/www.lidemschool.com\/fr\/blog\/le-voleur-de-soleil-selectionne-dans-le-16e-baixada-anime\/#article","isPartOf":{"@id":"https:\/\/www.lidemschool.com\/fr\/blog\/le-voleur-de-soleil-selectionne-dans-le-16e-baixada-anime\/"},"author":{"name":"Nuria","@id":"https:\/\/www.lidemschool.com\/fr\/#\/schema\/person\/e799389631972a78b9cb9ae5ced992d8"},"headline":"\u2018The Sun Thief\u2019 s\u00e9lectionn\u00e9 dans la 16\u00e8me Baixada Animada","datePublished":"2023-07-06T11:46:02+00:00","dateModified":"2025-07-28T19:29:04+00:00","mainEntityOfPage":{"@id":"https:\/\/www.lidemschool.com\/fr\/blog\/le-voleur-de-soleil-selectionne-dans-le-16e-baixada-anime\/"},"wordCount":161,"image":{"@id":"https:\/\/www.lidemschool.com\/fr\/blog\/le-voleur-de-soleil-selectionne-dans-le-16e-baixada-anime\/#primaryimage"},"thumbnailUrl":"https:\/\/www.lidemschool.com\/wp-content\/uploads\/2023\/07\/baixada_animada_banner.jpg","keywords":["animaci\u00f3n","animaci\u00f3n 2D","Festival","l'idem barcelona"],"articleSection":["Animation"],"inLanguage":"fr-FR"},{"@type":"WebPage","@id":"https:\/\/www.lidemschool.com\/fr\/blog\/le-voleur-de-soleil-selectionne-dans-le-16e-baixada-anime\/","url":"https:\/\/www.lidemschool.com\/fr\/blog\/le-voleur-de-soleil-selectionne-dans-le-16e-baixada-anime\/","name":"\u2018The Sun Thief\u2019 s\u00e9lectionn\u00e9 dans la 16\u00e8me \u00e9dition de Baixada Animada","isPartOf":{"@id":"https:\/\/www.lidemschool.com\/fr\/#website"},"primaryImageOfPage":{"@id":"https:\/\/www.lidemschool.com\/fr\/blog\/le-voleur-de-soleil-selectionne-dans-le-16e-baixada-anime\/#primaryimage"},"image":{"@id":"https:\/\/www.lidemschool.com\/fr\/blog\/le-voleur-de-soleil-selectionne-dans-le-16e-baixada-anime\/#primaryimage"},"thumbnailUrl":"https:\/\/www.lidemschool.com\/wp-content\/uploads\/2023\/07\/baixada_animada_banner.jpg","datePublished":"2023-07-06T11:46:02+00:00","dateModified":"2025-07-28T19:29:04+00:00","author":{"@id":"https:\/\/www.lidemschool.com\/fr\/#\/schema\/person\/e799389631972a78b9cb9ae5ced992d8"},"description":"The Sun Thief, cr\u00e9\u00e9 par les \u00e9tudiants en animation de la promotion 2021-22 de L'Idem Barcelona, \u200b\u200b\u200b\u200bs\u00e9lectionn\u00e9 dans la 16e \u00e9dition de Baixada Animada.","breadcrumb":{"@id":"https:\/\/www.lidemschool.com\/fr\/blog\/le-voleur-de-soleil-selectionne-dans-le-16e-baixada-anime\/#breadcrumb"},"inLanguage":"fr-FR","potentialAction":[{"@type":"ReadAction","target":["https:\/\/www.lidemschool.com\/fr\/blog\/le-voleur-de-soleil-selectionne-dans-le-16e-baixada-anime\/"]}]},{"@type":"ImageObject","inLanguage":"fr-FR","@id":"https:\/\/www.lidemschool.com\/fr\/blog\/le-voleur-de-soleil-selectionne-dans-le-16e-baixada-anime\/#primaryimage","url":"https:\/\/www.lidemschool.com\/wp-content\/uploads\/2023\/07\/baixada_animada_banner.jpg","contentUrl":"https:\/\/www.lidemschool.com\/wp-content\/uploads\/2023\/07\/baixada_animada_banner.jpg","width":650,"height":366,"caption":"baixada_animada_banner"},{"@type":"BreadcrumbList","@id":"https:\/\/www.lidemschool.com\/fr\/blog\/le-voleur-de-soleil-selectionne-dans-le-16e-baixada-anime\/#breadcrumb","itemListElement":[{"@type":"ListItem","position":1,"name":"Home","item":"https:\/\/www.lidemschool.com\/fr\/"},{"@type":"ListItem","position":2,"name":"\u2018The Sun Thief\u2019 s\u00e9lectionn\u00e9 dans la 16\u00e8me Baixada Animada"}]},{"@type":"WebSite","@id":"https:\/\/www.lidemschool.com\/fr\/#website","url":"https:\/\/www.lidemschool.com\/fr\/","name":"L&#039;Idem Animation School","description":"L&#039;Idem Animation School","potentialAction":[{"@type":"SearchAction","target":{"@type":"EntryPoint","urlTemplate":"https:\/\/www.lidemschool.com\/fr\/?s={search_term_string}"},"query-input":{"@type":"PropertyValueSpecification","valueRequired":true,"valueName":"search_term_string"}}],"inLanguage":"fr-FR"},{"@type":"Person","@id":"https:\/\/www.lidemschool.com\/fr\/#\/schema\/person\/e799389631972a78b9cb9ae5ced992d8","name":"Nuria","url":"https:\/\/www.lidemschool.com\/fr\/blog\/author\/kjtbkerqxyy80lgjuijo\/"}]}},"_links":{"self":[{"href":"https:\/\/www.lidemschool.com\/fr\/wp-json\/wp\/v2\/posts\/31769","targetHints":{"allow":["GET"]}}],"collection":[{"href":"https:\/\/www.lidemschool.com\/fr\/wp-json\/wp\/v2\/posts"}],"about":[{"href":"https:\/\/www.lidemschool.com\/fr\/wp-json\/wp\/v2\/types\/post"}],"author":[{"embeddable":true,"href":"https:\/\/www.lidemschool.com\/fr\/wp-json\/wp\/v2\/users\/7"}],"replies":[{"embeddable":true,"href":"https:\/\/www.lidemschool.com\/fr\/wp-json\/wp\/v2\/comments?post=31769"}],"version-history":[{"count":1,"href":"https:\/\/www.lidemschool.com\/fr\/wp-json\/wp\/v2\/posts\/31769\/revisions"}],"predecessor-version":[{"id":44902,"href":"https:\/\/www.lidemschool.com\/fr\/wp-json\/wp\/v2\/posts\/31769\/revisions\/44902"}],"wp:featuredmedia":[{"embeddable":true,"href":"https:\/\/www.lidemschool.com\/fr\/wp-json\/wp\/v2\/media\/31755"}],"wp:attachment":[{"href":"https:\/\/www.lidemschool.com\/fr\/wp-json\/wp\/v2\/media?parent=31769"}],"wp:term":[{"taxonomy":"category","embeddable":true,"href":"https:\/\/www.lidemschool.com\/fr\/wp-json\/wp\/v2\/categories?post=31769"},{"taxonomy":"post_tag","embeddable":true,"href":"https:\/\/www.lidemschool.com\/fr\/wp-json\/wp\/v2\/tags?post=31769"}],"curies":[{"name":"wp","href":"https:\/\/api.w.org\/{rel}","templated":true}]}}