{"id":31670,"date":"2023-06-28T12:08:34","date_gmt":"2023-06-28T12:08:34","guid":{"rendered":"https:\/\/www.lidemschool.com\/blog\/lidem-present-a-la-62e-edition-du-festival-dannecy\/"},"modified":"2023-06-28T12:08:34","modified_gmt":"2023-06-28T12:08:34","slug":"lidem-present-a-la-62e-edition-du-festival-dannecy","status":"publish","type":"post","link":"https:\/\/www.lidemschool.com\/fr\/blog\/lidem-asiste-62-edicion-festival-annecy\/","title":{"rendered":"L&rsquo;Idem pr\u00e9sent \u00e0 la 62e \u00e9dition du Festival d&rsquo;Annecy"},"content":{"rendered":"<p>Pour une ann\u00e9e encore, enseignants et \u00e9l\u00e8ves de L&rsquo;Idem seront pr\u00e9sents \u00e0 <strong>Annecy 2023<\/strong>, le plus important Festival International du Film d&rsquo;Animation en Europe, qui f\u00eatera sa 62e \u00e9dition du 11 au 17 juin.<\/p>\n<p>Comme chaque ann\u00e9e, Annecy proposera des conf\u00e9rences et Masterclasses exclusives sur les derni\u00e8res sorties en animation, des rencontres avec des professionnels du secteur et des talents \u00e9mergents, des sessions de <em>recrutement<\/em> avec les grandes entreprises du secteur, parmi bien d&rsquo;autres activit\u00e9s.<\/p>\n<p><iframe loading=\"lazy\" title=\"Annecy 2023 is coming \ud83c\udf35\" width=\"1080\" height=\"608\" src=\"https:\/\/www.youtube.com\/embed\/2RD_6DmKcmo?feature=oembed\"  allow=\"accelerometer; autoplay; clipboard-write; encrypted-media; gyroscope; picture-in-picture; web-share\" allowfullscreen><\/iframe><\/p>\n<p>&nbsp;<\/p>\n<h4><strong>Section officielle du festival<\/strong><\/h4>\n<p>Le point fort sont les longs m\u00e9trages et courts m\u00e9trages qui sont pr\u00e9sent\u00e9s en comp\u00e9tition dans les diff\u00e9rentes cat\u00e9gories et qui sont class\u00e9s dans les diff\u00e9rentes cat\u00e9gories : longs m\u00e9trages, courts m\u00e9trages, films produits pour la t\u00e9l\u00e9vision et la publicit\u00e9, films pour \u00e9tudiants, films pour Internet ou longs m\u00e9trages <em>contre-champion<\/em>. Vous pouvez consulter le programme complet de l&rsquo;\u00e9dition 2023 au lien suivant : <a href=\"https:\/\/www.annecyfestival.com\/the-festival\/competition\" target=\"_blank\" rel=\"noopener\"><strong> Programme Annecy 2023<\/strong><\/a>.<\/p>\n<p><img loading=\"lazy\" decoding=\"async\" width=\"723\" height=\"1023\" class=\"wp-image-31502 size-full aligncenter\" src=\"https:\/\/www.lidemschool.com\/wp-content\/uploads\/2023\/06\/annecy-2023-1.jpg\" alt=\"annecy 2023\" largeur=\"723\" hauteur=\"1023\" srcset=\"https:\/\/www.lidemschool.com\/wp-content\/uploads\/2023\/06\/annecy-2023-1.jpg 723w, https:\/\/www.lidemschool.com\/wp-content\/uploads\/2023\/06\/annecy-2023-1-480x679.jpg 480w\" sizes=\"(min-width: 0px) and (max-width: 480px) 480px, (min-width: 481px) 723px, 100vw\" \/><\/p>\n<p>&nbsp;<\/p>\n<h4><strong>Hommage aux films d&rsquo;animation mexicains<\/strong><\/h4>\n<p>Comme il l&rsquo;a r\u00e9v\u00e9l\u00e9 il y a quelques mois avec son affiche, con\u00e7ue par l&rsquo;animateur et r\u00e9alisateur, <strong>Jorge R. Guti\u00e9rrez<\/strong>. Mais cette ann\u00e9e, il y aura aussi des conf\u00e9rences comme celle de <strong>Guillermo del Toro<\/strong> et un programme de projections et d&rsquo;activit\u00e9s qui refl\u00e8teront toutes les particularit\u00e9s de l&rsquo;animation mexicaine.<\/p>\n<p>La section <strong>Work-in-Progress<\/strong> pr\u00e9sentera le film <em>Aztec Batman\u00a0: Clash of Empires<\/em>, un film qui rend hommage \u00e0 la culture azt\u00e8que.<\/p>\n<p>&nbsp;<\/p>\n<h4><strong>Les grands studios pr\u00e9sentent leurs productions<\/strong><\/h4>\n<p>Parmi les principales activit\u00e9s du Festival International de l&rsquo;Animation d&rsquo;Annecy, vous pourrez voir quelques premi\u00e8res telles que :<\/p>\n<ul>\n<li>Vous pourrez voir les premi\u00e8res versions du concept art de <em>Teenage Mutant Ninja<\/em> par Jeff Rowe et Seth Rogen.<\/li>\n<li>Genndy Tartakovsky, cr\u00e9ateur de Hotel Transylvania, pr\u00e9sentera son nouveau film <em>Fixed<\/em>.<\/li>\n<li>Netflix la deuxi\u00e8me partie de son film d&rsquo;animation <em>Chicken Run<\/em>.<\/li>\n<li>Dreamworks projettera <em>Ruby, le Teen Kraken<\/em> et les premi\u00e8res images de <em>Trolls 3<\/em>.<\/li>\n<li>Illumination pr\u00e9sentera son nouveau long m\u00e9trage <em>Migration<\/em>.<\/li>\n<li>Pixar pr\u00e9sentera \u00e0 Annecy son nouveau film d&rsquo;animation\u00a0: <em>Elemental<\/em> et les premi\u00e8res images de sa premi\u00e8re s\u00e9rie originale\u00a0: <em>Win and Lose<\/em>.<\/li>\n<\/ul>\n<h4><strong>Mifa 2023<\/strong><strong> <\/strong><\/h4>\n<p>Du 13 au 16 juin aura lieu le March\u00e9 International du Film d&rsquo;Animation d&rsquo;Annecy (<a href=\"https:\/\/www.annecyfestival.com\/the-mifa\/presentation\">MIFA<\/a>). Cet \u00e9v\u00e9nement incontournable qui commence comme un point de rencontre pour les professionnels du secteur, agrandit son espace avec 10 000 m2 et avec un nouvel espace : <strong>Le Campus<\/strong>, destin\u00e9 aux \u00e9tudiants et talents qui sera op\u00e9rationnel les jours qui la f\u00eate.<\/p>\n<p>Exposants, distributeurs, producteurs, artistes ou investisseurs se retrouvent dans cet espace pour r\u00e9aliser du <em>networking<\/em> et cette ann\u00e9e les 6 pr\u00e9sentations de 6 principales entreprises qui pr\u00e9senteront leur actualit\u00e9 se d\u00e9marquent : <strong>Mediawan<\/strong > , <strong>Disney<\/strong>, <strong>AnimFrance<\/strong>, <strong>France T\u00e9l\u00e9visions<\/strong>, <strong>M6<\/strong> et <strong>CANAL +.<\/strong><\/p>\n<p>Le Festival d&rsquo;Annecy est le plus grand march\u00e9 international du film d&rsquo;animation qui rassemble environ 13 000 professionnels du secteur et environ 3 000 entreprises pour promouvoir ce secteur.<\/p>\n","protected":false},"excerpt":{"rendered":"<p>Pour une ann\u00e9e encore, enseignants et \u00e9l\u00e8ves de L&rsquo;Idem seront pr\u00e9sents \u00e0 Annecy 2023, le plus important Festival International du Film d&rsquo;Animation en Europe, qui f\u00eatera sa 62e \u00e9dition du 11 au 17 juin. Comme chaque ann\u00e9e, Annecy proposera des conf\u00e9rences et Masterclasses exclusives sur les derni\u00e8res sorties en animation, des rencontres avec des professionnels [&hellip;]<\/p>\n","protected":false},"author":7,"featured_media":31502,"comment_status":"closed","ping_status":"open","sticky":false,"template":"","format":"standard","meta":{"_et_pb_use_builder":"","_et_pb_old_content":"","_et_gb_content_width":"","content-type":"","inline_featured_image":false,"footnotes":""},"categories":[193,194],"tags":[454,799,800],"class_list":["post-31670","post","type-post","status-publish","format-standard","has-post-thumbnail","hentry","category-animation-fr","category-nouvelles","tag-animacion-2-fr","tag-annecy-fr","tag-festival-fr"],"yoast_head":"<!-- This site is optimized with the Yoast SEO plugin v27.4 - https:\/\/yoast.com\/product\/yoast-seo-wordpress\/ -->\n<title>L&#039;Idem pr\u00e9sent \u00e0 la 62e \u00e9dition du Festival d&#039;Annecy<\/title>\n<meta name=\"description\" content=\"Une ann\u00e9e de plus, les enseignants et \u00e9l\u00e8ves de L&#039;Idem seront pr\u00e9sents \u00e0 Annecy 2023, le plus important Festival International du Film d&#039;Animation en Europe.\" \/>\n<meta name=\"robots\" content=\"index, follow, max-snippet:-1, max-image-preview:large, max-video-preview:-1\" \/>\n<link rel=\"canonical\" href=\"https:\/\/www.lidemschool.com\/fr\/blog\/lidem-asiste-62-edicion-festival-annecy\/\" \/>\n<meta property=\"og:locale\" content=\"fr_FR\" \/>\n<meta property=\"og:type\" content=\"article\" \/>\n<meta property=\"og:title\" content=\"L&#039;Idem pr\u00e9sent \u00e0 la 62e \u00e9dition du Festival d&#039;Annecy\" \/>\n<meta property=\"og:description\" content=\"Une ann\u00e9e de plus, les enseignants et \u00e9l\u00e8ves de L&#039;Idem seront pr\u00e9sents \u00e0 Annecy 2023, le plus important Festival International du Film d&#039;Animation en Europe.\" \/>\n<meta property=\"og:url\" content=\"https:\/\/www.lidemschool.com\/fr\/blog\/lidem-asiste-62-edicion-festival-annecy\/\" \/>\n<meta property=\"og:site_name\" content=\"L&#039;Idem Animation School\" \/>\n<meta property=\"article:published_time\" content=\"2023-06-28T12:08:34+00:00\" \/>\n<meta property=\"og:image\" content=\"https:\/\/www.lidemschool.com\/wp-content\/uploads\/2023\/06\/annecy-2023-1.jpg\" \/>\n\t<meta property=\"og:image:width\" content=\"723\" \/>\n\t<meta property=\"og:image:height\" content=\"1023\" \/>\n\t<meta property=\"og:image:type\" content=\"image\/jpeg\" \/>\n<meta name=\"author\" content=\"Nuria\" \/>\n<meta name=\"twitter:card\" content=\"summary_large_image\" \/>\n<meta name=\"twitter:label1\" content=\"\u00c9crit par\" \/>\n\t<meta name=\"twitter:data1\" content=\"Nuria\" \/>\n\t<meta name=\"twitter:label2\" content=\"Dur\u00e9e de lecture estim\u00e9e\" \/>\n\t<meta name=\"twitter:data2\" content=\"2 minutes\" \/>\n<script type=\"application\/ld+json\" class=\"yoast-schema-graph\">{\"@context\":\"https:\\\/\\\/schema.org\",\"@graph\":[{\"@type\":\"Article\",\"@id\":\"https:\\\/\\\/www.lidemschool.com\\\/fr\\\/blog\\\/lidem-asiste-62-edicion-festival-annecy\\\/#article\",\"isPartOf\":{\"@id\":\"https:\\\/\\\/www.lidemschool.com\\\/fr\\\/blog\\\/lidem-asiste-62-edicion-festival-annecy\\\/\"},\"author\":{\"name\":\"Nuria\",\"@id\":\"https:\\\/\\\/www.lidemschool.com\\\/fr\\\/#\\\/schema\\\/person\\\/e799389631972a78b9cb9ae5ced992d8\"},\"headline\":\"L&rsquo;Idem pr\u00e9sent \u00e0 la 62e \u00e9dition du Festival d&rsquo;Annecy\",\"datePublished\":\"2023-06-28T12:08:34+00:00\",\"mainEntityOfPage\":{\"@id\":\"https:\\\/\\\/www.lidemschool.com\\\/fr\\\/blog\\\/lidem-asiste-62-edicion-festival-annecy\\\/\"},\"wordCount\":524,\"image\":{\"@id\":\"https:\\\/\\\/www.lidemschool.com\\\/fr\\\/blog\\\/lidem-asiste-62-edicion-festival-annecy\\\/#primaryimage\"},\"thumbnailUrl\":\"https:\\\/\\\/www.lidemschool.com\\\/wp-content\\\/uploads\\\/2023\\\/06\\\/annecy-2023-1.jpg\",\"keywords\":[\"animaci\u00f3n\",\"annecy\",\"Festival\"],\"articleSection\":[\"Animation\",\"Nouvelles\"],\"inLanguage\":\"fr-FR\"},{\"@type\":\"WebPage\",\"@id\":\"https:\\\/\\\/www.lidemschool.com\\\/fr\\\/blog\\\/lidem-asiste-62-edicion-festival-annecy\\\/\",\"url\":\"https:\\\/\\\/www.lidemschool.com\\\/fr\\\/blog\\\/lidem-asiste-62-edicion-festival-annecy\\\/\",\"name\":\"L'Idem pr\u00e9sent \u00e0 la 62e \u00e9dition du Festival d'Annecy\",\"isPartOf\":{\"@id\":\"https:\\\/\\\/www.lidemschool.com\\\/fr\\\/#website\"},\"primaryImageOfPage\":{\"@id\":\"https:\\\/\\\/www.lidemschool.com\\\/fr\\\/blog\\\/lidem-asiste-62-edicion-festival-annecy\\\/#primaryimage\"},\"image\":{\"@id\":\"https:\\\/\\\/www.lidemschool.com\\\/fr\\\/blog\\\/lidem-asiste-62-edicion-festival-annecy\\\/#primaryimage\"},\"thumbnailUrl\":\"https:\\\/\\\/www.lidemschool.com\\\/wp-content\\\/uploads\\\/2023\\\/06\\\/annecy-2023-1.jpg\",\"datePublished\":\"2023-06-28T12:08:34+00:00\",\"author\":{\"@id\":\"https:\\\/\\\/www.lidemschool.com\\\/fr\\\/#\\\/schema\\\/person\\\/e799389631972a78b9cb9ae5ced992d8\"},\"description\":\"Une ann\u00e9e de plus, les enseignants et \u00e9l\u00e8ves de L'Idem seront pr\u00e9sents \u00e0 Annecy 2023, le plus important Festival International du Film d'Animation en Europe.\",\"breadcrumb\":{\"@id\":\"https:\\\/\\\/www.lidemschool.com\\\/fr\\\/blog\\\/lidem-asiste-62-edicion-festival-annecy\\\/#breadcrumb\"},\"inLanguage\":\"fr-FR\",\"potentialAction\":[{\"@type\":\"ReadAction\",\"target\":[\"https:\\\/\\\/www.lidemschool.com\\\/fr\\\/blog\\\/lidem-asiste-62-edicion-festival-annecy\\\/\"]}]},{\"@type\":\"ImageObject\",\"inLanguage\":\"fr-FR\",\"@id\":\"https:\\\/\\\/www.lidemschool.com\\\/fr\\\/blog\\\/lidem-asiste-62-edicion-festival-annecy\\\/#primaryimage\",\"url\":\"https:\\\/\\\/www.lidemschool.com\\\/wp-content\\\/uploads\\\/2023\\\/06\\\/annecy-2023-1.jpg\",\"contentUrl\":\"https:\\\/\\\/www.lidemschool.com\\\/wp-content\\\/uploads\\\/2023\\\/06\\\/annecy-2023-1.jpg\",\"width\":723,\"height\":1023,\"caption\":\"annecy 2023\"},{\"@type\":\"BreadcrumbList\",\"@id\":\"https:\\\/\\\/www.lidemschool.com\\\/fr\\\/blog\\\/lidem-asiste-62-edicion-festival-annecy\\\/#breadcrumb\",\"itemListElement\":[{\"@type\":\"ListItem\",\"position\":1,\"name\":\"Home\",\"item\":\"https:\\\/\\\/www.lidemschool.com\\\/fr\\\/\"},{\"@type\":\"ListItem\",\"position\":2,\"name\":\"L&rsquo;Idem pr\u00e9sent \u00e0 la 62e \u00e9dition du Festival d&rsquo;Annecy\"}]},{\"@type\":\"WebSite\",\"@id\":\"https:\\\/\\\/www.lidemschool.com\\\/fr\\\/#website\",\"url\":\"https:\\\/\\\/www.lidemschool.com\\\/fr\\\/\",\"name\":\"L&#039;Idem Animation School\",\"description\":\"L&#039;Idem Animation School\",\"potentialAction\":[{\"@type\":\"SearchAction\",\"target\":{\"@type\":\"EntryPoint\",\"urlTemplate\":\"https:\\\/\\\/www.lidemschool.com\\\/fr\\\/?s={search_term_string}\"},\"query-input\":{\"@type\":\"PropertyValueSpecification\",\"valueRequired\":true,\"valueName\":\"search_term_string\"}}],\"inLanguage\":\"fr-FR\"},{\"@type\":\"Person\",\"@id\":\"https:\\\/\\\/www.lidemschool.com\\\/fr\\\/#\\\/schema\\\/person\\\/e799389631972a78b9cb9ae5ced992d8\",\"name\":\"Nuria\",\"url\":\"https:\\\/\\\/www.lidemschool.com\\\/fr\\\/blog\\\/author\\\/kjtbkerqxyy80lgjuijo\\\/\"}]}<\/script>\n<!-- \/ Yoast SEO plugin. -->","yoast_head_json":{"title":"L'Idem pr\u00e9sent \u00e0 la 62e \u00e9dition du Festival d'Annecy","description":"Une ann\u00e9e de plus, les enseignants et \u00e9l\u00e8ves de L'Idem seront pr\u00e9sents \u00e0 Annecy 2023, le plus important Festival International du Film d'Animation en Europe.","robots":{"index":"index","follow":"follow","max-snippet":"max-snippet:-1","max-image-preview":"max-image-preview:large","max-video-preview":"max-video-preview:-1"},"canonical":"https:\/\/www.lidemschool.com\/fr\/blog\/lidem-asiste-62-edicion-festival-annecy\/","og_locale":"fr_FR","og_type":"article","og_title":"L'Idem pr\u00e9sent \u00e0 la 62e \u00e9dition du Festival d'Annecy","og_description":"Une ann\u00e9e de plus, les enseignants et \u00e9l\u00e8ves de L'Idem seront pr\u00e9sents \u00e0 Annecy 2023, le plus important Festival International du Film d'Animation en Europe.","og_url":"https:\/\/www.lidemschool.com\/fr\/blog\/lidem-asiste-62-edicion-festival-annecy\/","og_site_name":"L&#039;Idem Animation School","article_published_time":"2023-06-28T12:08:34+00:00","og_image":[{"width":723,"height":1023,"url":"https:\/\/www.lidemschool.com\/wp-content\/uploads\/2023\/06\/annecy-2023-1.jpg","type":"image\/jpeg"}],"author":"Nuria","twitter_card":"summary_large_image","twitter_misc":{"\u00c9crit par":"Nuria","Dur\u00e9e de lecture estim\u00e9e":"2 minutes"},"schema":{"@context":"https:\/\/schema.org","@graph":[{"@type":"Article","@id":"https:\/\/www.lidemschool.com\/fr\/blog\/lidem-asiste-62-edicion-festival-annecy\/#article","isPartOf":{"@id":"https:\/\/www.lidemschool.com\/fr\/blog\/lidem-asiste-62-edicion-festival-annecy\/"},"author":{"name":"Nuria","@id":"https:\/\/www.lidemschool.com\/fr\/#\/schema\/person\/e799389631972a78b9cb9ae5ced992d8"},"headline":"L&rsquo;Idem pr\u00e9sent \u00e0 la 62e \u00e9dition du Festival d&rsquo;Annecy","datePublished":"2023-06-28T12:08:34+00:00","mainEntityOfPage":{"@id":"https:\/\/www.lidemschool.com\/fr\/blog\/lidem-asiste-62-edicion-festival-annecy\/"},"wordCount":524,"image":{"@id":"https:\/\/www.lidemschool.com\/fr\/blog\/lidem-asiste-62-edicion-festival-annecy\/#primaryimage"},"thumbnailUrl":"https:\/\/www.lidemschool.com\/wp-content\/uploads\/2023\/06\/annecy-2023-1.jpg","keywords":["animaci\u00f3n","annecy","Festival"],"articleSection":["Animation","Nouvelles"],"inLanguage":"fr-FR"},{"@type":"WebPage","@id":"https:\/\/www.lidemschool.com\/fr\/blog\/lidem-asiste-62-edicion-festival-annecy\/","url":"https:\/\/www.lidemschool.com\/fr\/blog\/lidem-asiste-62-edicion-festival-annecy\/","name":"L'Idem pr\u00e9sent \u00e0 la 62e \u00e9dition du Festival d'Annecy","isPartOf":{"@id":"https:\/\/www.lidemschool.com\/fr\/#website"},"primaryImageOfPage":{"@id":"https:\/\/www.lidemschool.com\/fr\/blog\/lidem-asiste-62-edicion-festival-annecy\/#primaryimage"},"image":{"@id":"https:\/\/www.lidemschool.com\/fr\/blog\/lidem-asiste-62-edicion-festival-annecy\/#primaryimage"},"thumbnailUrl":"https:\/\/www.lidemschool.com\/wp-content\/uploads\/2023\/06\/annecy-2023-1.jpg","datePublished":"2023-06-28T12:08:34+00:00","author":{"@id":"https:\/\/www.lidemschool.com\/fr\/#\/schema\/person\/e799389631972a78b9cb9ae5ced992d8"},"description":"Une ann\u00e9e de plus, les enseignants et \u00e9l\u00e8ves de L'Idem seront pr\u00e9sents \u00e0 Annecy 2023, le plus important Festival International du Film d'Animation en Europe.","breadcrumb":{"@id":"https:\/\/www.lidemschool.com\/fr\/blog\/lidem-asiste-62-edicion-festival-annecy\/#breadcrumb"},"inLanguage":"fr-FR","potentialAction":[{"@type":"ReadAction","target":["https:\/\/www.lidemschool.com\/fr\/blog\/lidem-asiste-62-edicion-festival-annecy\/"]}]},{"@type":"ImageObject","inLanguage":"fr-FR","@id":"https:\/\/www.lidemschool.com\/fr\/blog\/lidem-asiste-62-edicion-festival-annecy\/#primaryimage","url":"https:\/\/www.lidemschool.com\/wp-content\/uploads\/2023\/06\/annecy-2023-1.jpg","contentUrl":"https:\/\/www.lidemschool.com\/wp-content\/uploads\/2023\/06\/annecy-2023-1.jpg","width":723,"height":1023,"caption":"annecy 2023"},{"@type":"BreadcrumbList","@id":"https:\/\/www.lidemschool.com\/fr\/blog\/lidem-asiste-62-edicion-festival-annecy\/#breadcrumb","itemListElement":[{"@type":"ListItem","position":1,"name":"Home","item":"https:\/\/www.lidemschool.com\/fr\/"},{"@type":"ListItem","position":2,"name":"L&rsquo;Idem pr\u00e9sent \u00e0 la 62e \u00e9dition du Festival d&rsquo;Annecy"}]},{"@type":"WebSite","@id":"https:\/\/www.lidemschool.com\/fr\/#website","url":"https:\/\/www.lidemschool.com\/fr\/","name":"L&#039;Idem Animation School","description":"L&#039;Idem Animation School","potentialAction":[{"@type":"SearchAction","target":{"@type":"EntryPoint","urlTemplate":"https:\/\/www.lidemschool.com\/fr\/?s={search_term_string}"},"query-input":{"@type":"PropertyValueSpecification","valueRequired":true,"valueName":"search_term_string"}}],"inLanguage":"fr-FR"},{"@type":"Person","@id":"https:\/\/www.lidemschool.com\/fr\/#\/schema\/person\/e799389631972a78b9cb9ae5ced992d8","name":"Nuria","url":"https:\/\/www.lidemschool.com\/fr\/blog\/author\/kjtbkerqxyy80lgjuijo\/"}]}},"_links":{"self":[{"href":"https:\/\/www.lidemschool.com\/fr\/wp-json\/wp\/v2\/posts\/31670","targetHints":{"allow":["GET"]}}],"collection":[{"href":"https:\/\/www.lidemschool.com\/fr\/wp-json\/wp\/v2\/posts"}],"about":[{"href":"https:\/\/www.lidemschool.com\/fr\/wp-json\/wp\/v2\/types\/post"}],"author":[{"embeddable":true,"href":"https:\/\/www.lidemschool.com\/fr\/wp-json\/wp\/v2\/users\/7"}],"replies":[{"embeddable":true,"href":"https:\/\/www.lidemschool.com\/fr\/wp-json\/wp\/v2\/comments?post=31670"}],"version-history":[{"count":0,"href":"https:\/\/www.lidemschool.com\/fr\/wp-json\/wp\/v2\/posts\/31670\/revisions"}],"wp:featuredmedia":[{"embeddable":true,"href":"https:\/\/www.lidemschool.com\/fr\/wp-json\/wp\/v2\/media\/31502"}],"wp:attachment":[{"href":"https:\/\/www.lidemschool.com\/fr\/wp-json\/wp\/v2\/media?parent=31670"}],"wp:term":[{"taxonomy":"category","embeddable":true,"href":"https:\/\/www.lidemschool.com\/fr\/wp-json\/wp\/v2\/categories?post=31670"},{"taxonomy":"post_tag","embeddable":true,"href":"https:\/\/www.lidemschool.com\/fr\/wp-json\/wp\/v2\/tags?post=31670"}],"curies":[{"name":"wp","href":"https:\/\/api.w.org\/{rel}","templated":true}]}}