{"id":31668,"date":"2023-06-28T12:04:51","date_gmt":"2023-06-28T12:04:51","guid":{"rendered":"https:\/\/www.lidemschool.com\/blog\/mocca-et-the-sun-thief-selectionnes-au-mecal-bcn-festival\/"},"modified":"2023-06-28T12:04:51","modified_gmt":"2023-06-28T12:04:51","slug":"mocca-et-the-sun-thief-selectionnes-au-mecal-bcn-festival","status":"publish","type":"post","link":"https:\/\/www.lidemschool.com\/fr\/blog\/mocca-the-sun-thief-selectionne-festival-mecal-bcn\/","title":{"rendered":"\u2018Mocca\u2019 et \u2018The Sun Thief\u2019 s\u00e9lectionn\u00e9s au Mecal BCN Festival"},"content":{"rendered":"<p>Les courts m\u00e9trages <strong><a href=\"https:\/\/www.lidemschool.com\/blog\/el_cortometraje_mocca\/\" target=\"_blank\" rel=\"noopener\">Mocca<\/a><\/strong> et <a href=\"https:\/\/www.lidemschool.com\/blog\/the-sun-thief-cortometraje\/\" target=\"_blank\" rel=\"noopener\"><strong>Le voleur de soleil<\/strong><\/a> de notre les \u00e9tudiants de la promotion 2021-22 ont \u00e9t\u00e9 s\u00e9lectionn\u00e9s pour participer \u00e0 <strong>Plan\u00e7\u00f3<\/strong>, le concours des pi\u00e8ces d&rsquo;animation des centres catalans. Cette section fait partie du <strong><a href=\"http:\/\/www.mecalbcn.org\/\">MECAL<\/a> Bcn<\/strong>, le Festival international du court m\u00e9trage et de l&rsquo;animation de Barcelone qui c\u00e9l\u00e8bre cette ann\u00e9e son 25e \u00e9dition.<\/p>\n<h4><strong>Plan\u00e7\u00f3, un point de rencontre professionnel<\/strong><\/h4>\n<p>Au sein du Mecal Festival, Plan\u00e7\u00f3 devient un point de rencontre entre \u00e9tudiants et professionnels o\u00f9 des pi\u00e8ces d&rsquo;animation r\u00e9alis\u00e9es par des \u00e9tudiants d&rsquo;universit\u00e9s et d&rsquo;\u00e9coles catalanes entrent en comp\u00e9tition.<\/p>\n<p>Dans cette section, les pi\u00e8ces finalistes seront projet\u00e9es et le public votera pour le court m\u00e9trage gagnant. Plus tard, il y aura une s\u00e9ance de <em>r\u00e9seautage<\/em> entre les \u00e9tudiants et les professionnels de l&rsquo;animation. Le prix pour les laur\u00e9ats sera une accr\u00e9ditation \u00e9tudiante pour le march\u00e9 MIFA (March\u00e9 International du Film d&rsquo;Animation d&rsquo;Annecy).<\/p>\n<p>La projection aura lieu le vendredi <strong>30 juin<\/strong> \u00e0 20h00 \u00e0 l&rsquo;h\u00f4tel Voraport.<\/p>\n<p><strong>MOCA<\/strong><\/p>\n<p><iframe loading=\"lazy\" title=\"Animaci\u00f3n 3D: Cortometraje &#039;Mocca&#039; | 3D Animation: &#039;Mocca&#039; shortfilm \u2615\" width=\"1080\" height=\"608\" src=\"https:\/\/www.youtube.com\/embed\/-T9z-KmlVyk?feature=oembed\"  allow=\"accelerometer; autoplay; clipboard-write; encrypted-media; gyroscope; picture-in-picture; web-share\" allowfullscreen><\/iframe><\/p>\n<p><strong>LE VOLEUR DE SUNF<\/strong><\/p>\n<p><iframe loading=\"lazy\" title=\"Animaci\u00f3n 2D: Cortometraje &#039;The sun thief&#039; | 2D Animation: &#039;The sun thief&#039; shortfilm \ud83c\udf1e\" width=\"1080\" height=\"608\" src=\"https:\/\/www.youtube.com\/embed\/3h7sQ3z0HCA?feature=oembed\"  allow=\"accelerometer; autoplay; clipboard-write; encrypted-media; gyroscope; picture-in-picture; web-share\" allowfullscreen><\/iframe><\/p>\n<p><strong>MECAL BCN, retour aux sources<\/strong><\/p>\n<p>Du 29 juin au 9 juillet, Mecal pr\u00e9sentera plus de 300 courts m\u00e9trages de 110 pays ayant particip\u00e9 \u00e0 l&rsquo;appel.<\/p>\n<p>Cette ann\u00e9e, le festival se d\u00e9placera dans le quartier de Poblenou et certains espaces tels que le <strong>Mus\u00e9e Can Framis<\/strong>, l&rsquo;<strong>H\u00f4tel Acta Voraport<\/strong> accueilleront les principales activit\u00e9s de <strong>Mecal 2023<\/strong> strong> et o\u00f9 se rencontreront professionnels, \u00e9tudiants et passionn\u00e9s du monde de l&rsquo;audiovisuel et du court m\u00e9trage.<\/p>\n<p>L&rsquo;entr\u00e9e est gratuite et vous pouvez consulter l&rsquo;int\u00e9gralit\u00e9 du programme sur\u00a0: <a href=\"http:\/\/www.mecalbcn.org\">www.mecalbcn.org<\/a><\/p>\n","protected":false},"excerpt":{"rendered":"<p>Les courts m\u00e9trages Mocca et Le voleur de soleil de notre les \u00e9tudiants de la promotion 2021-22 ont \u00e9t\u00e9 s\u00e9lectionn\u00e9s pour participer \u00e0 Plan\u00e7\u00f3, le concours des pi\u00e8ces d&rsquo;animation des centres catalans. Cette section fait partie du MECAL Bcn, le Festival international du court m\u00e9trage et de l&rsquo;animation de Barcelone qui c\u00e9l\u00e8bre cette ann\u00e9e son [&hellip;]<\/p>\n","protected":false},"author":7,"featured_media":31660,"comment_status":"closed","ping_status":"open","sticky":false,"template":"","format":"standard","meta":{"_et_pb_use_builder":"","_et_pb_old_content":"","_et_gb_content_width":"","content-type":"","inline_featured_image":false,"footnotes":""},"categories":[193],"tags":[454,752,796],"class_list":["post-31668","post","type-post","status-publish","format-standard","has-post-thumbnail","hentry","category-animation-fr","tag-animacion-2-fr","tag-animacion-2d-fr","tag-animacion-3d-fr"],"yoast_head":"<!-- This site is optimized with the Yoast SEO plugin v27.4 - https:\/\/yoast.com\/product\/yoast-seo-wordpress\/ -->\n<title>\u2018Mocca\u2019 et \u2018The Sun Thief\u2019 s\u00e9lectionn\u00e9s au Mecal BCN Festival<\/title>\n<meta name=\"description\" content=\"Los cortometrajes Mocca y The sun Thief de nuestros alumnos de la promoci\u00f3n 2021-22 han sido seleccionados para participar en Plan\u00e7\u00f3.\" \/>\n<meta name=\"robots\" content=\"index, follow, max-snippet:-1, max-image-preview:large, max-video-preview:-1\" \/>\n<link rel=\"canonical\" href=\"https:\/\/www.lidemschool.com\/fr\/blog\/mocca-the-sun-thief-selectionne-festival-mecal-bcn\/\" \/>\n<meta property=\"og:locale\" content=\"fr_FR\" \/>\n<meta property=\"og:type\" content=\"article\" \/>\n<meta property=\"og:title\" content=\"\u2018Mocca\u2019 et \u2018The Sun Thief\u2019 s\u00e9lectionn\u00e9s au Mecal BCN Festival\" \/>\n<meta property=\"og:description\" content=\"Los cortometrajes Mocca y The sun Thief de nuestros alumnos de la promoci\u00f3n 2021-22 han sido seleccionados para participar en Plan\u00e7\u00f3.\" \/>\n<meta property=\"og:url\" content=\"https:\/\/www.lidemschool.com\/fr\/blog\/mocca-the-sun-thief-selectionne-festival-mecal-bcn\/\" \/>\n<meta property=\"og:site_name\" content=\"L&#039;Idem Animation School\" \/>\n<meta property=\"article:published_time\" content=\"2023-06-28T12:04:51+00:00\" \/>\n<meta property=\"og:image\" content=\"https:\/\/www.lidemschool.com\/wp-content\/uploads\/2023\/06\/banner_mecal.png\" \/>\n\t<meta property=\"og:image:width\" content=\"960\" \/>\n\t<meta property=\"og:image:height\" content=\"356\" \/>\n\t<meta property=\"og:image:type\" content=\"image\/png\" \/>\n<meta name=\"author\" content=\"Nuria\" \/>\n<meta name=\"twitter:card\" content=\"summary_large_image\" \/>\n<meta name=\"twitter:label1\" content=\"\u00c9crit par\" \/>\n\t<meta name=\"twitter:data1\" content=\"Nuria\" \/>\n\t<meta name=\"twitter:label2\" content=\"Dur\u00e9e de lecture estim\u00e9e\" \/>\n\t<meta name=\"twitter:data2\" content=\"1 minute\" \/>\n<script type=\"application\/ld+json\" class=\"yoast-schema-graph\">{\"@context\":\"https:\\\/\\\/schema.org\",\"@graph\":[{\"@type\":\"Article\",\"@id\":\"https:\\\/\\\/www.lidemschool.com\\\/fr\\\/blog\\\/mocca-the-sun-thief-selectionne-festival-mecal-bcn\\\/#article\",\"isPartOf\":{\"@id\":\"https:\\\/\\\/www.lidemschool.com\\\/fr\\\/blog\\\/mocca-the-sun-thief-selectionne-festival-mecal-bcn\\\/\"},\"author\":{\"name\":\"Nuria\",\"@id\":\"https:\\\/\\\/www.lidemschool.com\\\/fr\\\/#\\\/schema\\\/person\\\/e799389631972a78b9cb9ae5ced992d8\"},\"headline\":\"\u2018Mocca\u2019 et \u2018The Sun Thief\u2019 s\u00e9lectionn\u00e9s au Mecal BCN Festival\",\"datePublished\":\"2023-06-28T12:04:51+00:00\",\"mainEntityOfPage\":{\"@id\":\"https:\\\/\\\/www.lidemschool.com\\\/fr\\\/blog\\\/mocca-the-sun-thief-selectionne-festival-mecal-bcn\\\/\"},\"wordCount\":310,\"image\":{\"@id\":\"https:\\\/\\\/www.lidemschool.com\\\/fr\\\/blog\\\/mocca-the-sun-thief-selectionne-festival-mecal-bcn\\\/#primaryimage\"},\"thumbnailUrl\":\"https:\\\/\\\/www.lidemschool.com\\\/wp-content\\\/uploads\\\/2023\\\/06\\\/banner_mecal.png\",\"keywords\":[\"animaci\u00f3n\",\"animaci\u00f3n 2D\",\"animaci\u00f3n 3d\"],\"articleSection\":[\"Animation\"],\"inLanguage\":\"fr-FR\"},{\"@type\":\"WebPage\",\"@id\":\"https:\\\/\\\/www.lidemschool.com\\\/fr\\\/blog\\\/mocca-the-sun-thief-selectionne-festival-mecal-bcn\\\/\",\"url\":\"https:\\\/\\\/www.lidemschool.com\\\/fr\\\/blog\\\/mocca-the-sun-thief-selectionne-festival-mecal-bcn\\\/\",\"name\":\"\u2018Mocca\u2019 et \u2018The Sun Thief\u2019 s\u00e9lectionn\u00e9s au Mecal BCN Festival\",\"isPartOf\":{\"@id\":\"https:\\\/\\\/www.lidemschool.com\\\/fr\\\/#website\"},\"primaryImageOfPage\":{\"@id\":\"https:\\\/\\\/www.lidemschool.com\\\/fr\\\/blog\\\/mocca-the-sun-thief-selectionne-festival-mecal-bcn\\\/#primaryimage\"},\"image\":{\"@id\":\"https:\\\/\\\/www.lidemschool.com\\\/fr\\\/blog\\\/mocca-the-sun-thief-selectionne-festival-mecal-bcn\\\/#primaryimage\"},\"thumbnailUrl\":\"https:\\\/\\\/www.lidemschool.com\\\/wp-content\\\/uploads\\\/2023\\\/06\\\/banner_mecal.png\",\"datePublished\":\"2023-06-28T12:04:51+00:00\",\"author\":{\"@id\":\"https:\\\/\\\/www.lidemschool.com\\\/fr\\\/#\\\/schema\\\/person\\\/e799389631972a78b9cb9ae5ced992d8\"},\"description\":\"Los cortometrajes Mocca y The sun Thief de nuestros alumnos de la promoci\u00f3n 2021-22 han sido seleccionados para participar en Plan\u00e7\u00f3.\",\"breadcrumb\":{\"@id\":\"https:\\\/\\\/www.lidemschool.com\\\/fr\\\/blog\\\/mocca-the-sun-thief-selectionne-festival-mecal-bcn\\\/#breadcrumb\"},\"inLanguage\":\"fr-FR\",\"potentialAction\":[{\"@type\":\"ReadAction\",\"target\":[\"https:\\\/\\\/www.lidemschool.com\\\/fr\\\/blog\\\/mocca-the-sun-thief-selectionne-festival-mecal-bcn\\\/\"]}]},{\"@type\":\"ImageObject\",\"inLanguage\":\"fr-FR\",\"@id\":\"https:\\\/\\\/www.lidemschool.com\\\/fr\\\/blog\\\/mocca-the-sun-thief-selectionne-festival-mecal-bcn\\\/#primaryimage\",\"url\":\"https:\\\/\\\/www.lidemschool.com\\\/wp-content\\\/uploads\\\/2023\\\/06\\\/banner_mecal.png\",\"contentUrl\":\"https:\\\/\\\/www.lidemschool.com\\\/wp-content\\\/uploads\\\/2023\\\/06\\\/banner_mecal.png\",\"width\":960,\"height\":356,\"caption\":\"mecal-bcn\"},{\"@type\":\"BreadcrumbList\",\"@id\":\"https:\\\/\\\/www.lidemschool.com\\\/fr\\\/blog\\\/mocca-the-sun-thief-selectionne-festival-mecal-bcn\\\/#breadcrumb\",\"itemListElement\":[{\"@type\":\"ListItem\",\"position\":1,\"name\":\"Home\",\"item\":\"https:\\\/\\\/www.lidemschool.com\\\/fr\\\/\"},{\"@type\":\"ListItem\",\"position\":2,\"name\":\"\u2018Mocca\u2019 et \u2018The Sun Thief\u2019 s\u00e9lectionn\u00e9s au Mecal BCN Festival\"}]},{\"@type\":\"WebSite\",\"@id\":\"https:\\\/\\\/www.lidemschool.com\\\/fr\\\/#website\",\"url\":\"https:\\\/\\\/www.lidemschool.com\\\/fr\\\/\",\"name\":\"L&#039;Idem Animation School\",\"description\":\"L&#039;Idem Animation School\",\"potentialAction\":[{\"@type\":\"SearchAction\",\"target\":{\"@type\":\"EntryPoint\",\"urlTemplate\":\"https:\\\/\\\/www.lidemschool.com\\\/fr\\\/?s={search_term_string}\"},\"query-input\":{\"@type\":\"PropertyValueSpecification\",\"valueRequired\":true,\"valueName\":\"search_term_string\"}}],\"inLanguage\":\"fr-FR\"},{\"@type\":\"Person\",\"@id\":\"https:\\\/\\\/www.lidemschool.com\\\/fr\\\/#\\\/schema\\\/person\\\/e799389631972a78b9cb9ae5ced992d8\",\"name\":\"Nuria\",\"url\":\"https:\\\/\\\/www.lidemschool.com\\\/fr\\\/blog\\\/author\\\/kjtbkerqxyy80lgjuijo\\\/\"}]}<\/script>\n<!-- \/ Yoast SEO plugin. -->","yoast_head_json":{"title":"\u2018Mocca\u2019 et \u2018The Sun Thief\u2019 s\u00e9lectionn\u00e9s au Mecal BCN Festival","description":"Los cortometrajes Mocca y The sun Thief de nuestros alumnos de la promoci\u00f3n 2021-22 han sido seleccionados para participar en Plan\u00e7\u00f3.","robots":{"index":"index","follow":"follow","max-snippet":"max-snippet:-1","max-image-preview":"max-image-preview:large","max-video-preview":"max-video-preview:-1"},"canonical":"https:\/\/www.lidemschool.com\/fr\/blog\/mocca-the-sun-thief-selectionne-festival-mecal-bcn\/","og_locale":"fr_FR","og_type":"article","og_title":"\u2018Mocca\u2019 et \u2018The Sun Thief\u2019 s\u00e9lectionn\u00e9s au Mecal BCN Festival","og_description":"Los cortometrajes Mocca y The sun Thief de nuestros alumnos de la promoci\u00f3n 2021-22 han sido seleccionados para participar en Plan\u00e7\u00f3.","og_url":"https:\/\/www.lidemschool.com\/fr\/blog\/mocca-the-sun-thief-selectionne-festival-mecal-bcn\/","og_site_name":"L&#039;Idem Animation School","article_published_time":"2023-06-28T12:04:51+00:00","og_image":[{"width":960,"height":356,"url":"https:\/\/www.lidemschool.com\/wp-content\/uploads\/2023\/06\/banner_mecal.png","type":"image\/png"}],"author":"Nuria","twitter_card":"summary_large_image","twitter_misc":{"\u00c9crit par":"Nuria","Dur\u00e9e de lecture estim\u00e9e":"1 minute"},"schema":{"@context":"https:\/\/schema.org","@graph":[{"@type":"Article","@id":"https:\/\/www.lidemschool.com\/fr\/blog\/mocca-the-sun-thief-selectionne-festival-mecal-bcn\/#article","isPartOf":{"@id":"https:\/\/www.lidemschool.com\/fr\/blog\/mocca-the-sun-thief-selectionne-festival-mecal-bcn\/"},"author":{"name":"Nuria","@id":"https:\/\/www.lidemschool.com\/fr\/#\/schema\/person\/e799389631972a78b9cb9ae5ced992d8"},"headline":"\u2018Mocca\u2019 et \u2018The Sun Thief\u2019 s\u00e9lectionn\u00e9s au Mecal BCN Festival","datePublished":"2023-06-28T12:04:51+00:00","mainEntityOfPage":{"@id":"https:\/\/www.lidemschool.com\/fr\/blog\/mocca-the-sun-thief-selectionne-festival-mecal-bcn\/"},"wordCount":310,"image":{"@id":"https:\/\/www.lidemschool.com\/fr\/blog\/mocca-the-sun-thief-selectionne-festival-mecal-bcn\/#primaryimage"},"thumbnailUrl":"https:\/\/www.lidemschool.com\/wp-content\/uploads\/2023\/06\/banner_mecal.png","keywords":["animaci\u00f3n","animaci\u00f3n 2D","animaci\u00f3n 3d"],"articleSection":["Animation"],"inLanguage":"fr-FR"},{"@type":"WebPage","@id":"https:\/\/www.lidemschool.com\/fr\/blog\/mocca-the-sun-thief-selectionne-festival-mecal-bcn\/","url":"https:\/\/www.lidemschool.com\/fr\/blog\/mocca-the-sun-thief-selectionne-festival-mecal-bcn\/","name":"\u2018Mocca\u2019 et \u2018The Sun Thief\u2019 s\u00e9lectionn\u00e9s au Mecal BCN Festival","isPartOf":{"@id":"https:\/\/www.lidemschool.com\/fr\/#website"},"primaryImageOfPage":{"@id":"https:\/\/www.lidemschool.com\/fr\/blog\/mocca-the-sun-thief-selectionne-festival-mecal-bcn\/#primaryimage"},"image":{"@id":"https:\/\/www.lidemschool.com\/fr\/blog\/mocca-the-sun-thief-selectionne-festival-mecal-bcn\/#primaryimage"},"thumbnailUrl":"https:\/\/www.lidemschool.com\/wp-content\/uploads\/2023\/06\/banner_mecal.png","datePublished":"2023-06-28T12:04:51+00:00","author":{"@id":"https:\/\/www.lidemschool.com\/fr\/#\/schema\/person\/e799389631972a78b9cb9ae5ced992d8"},"description":"Los cortometrajes Mocca y The sun Thief de nuestros alumnos de la promoci\u00f3n 2021-22 han sido seleccionados para participar en Plan\u00e7\u00f3.","breadcrumb":{"@id":"https:\/\/www.lidemschool.com\/fr\/blog\/mocca-the-sun-thief-selectionne-festival-mecal-bcn\/#breadcrumb"},"inLanguage":"fr-FR","potentialAction":[{"@type":"ReadAction","target":["https:\/\/www.lidemschool.com\/fr\/blog\/mocca-the-sun-thief-selectionne-festival-mecal-bcn\/"]}]},{"@type":"ImageObject","inLanguage":"fr-FR","@id":"https:\/\/www.lidemschool.com\/fr\/blog\/mocca-the-sun-thief-selectionne-festival-mecal-bcn\/#primaryimage","url":"https:\/\/www.lidemschool.com\/wp-content\/uploads\/2023\/06\/banner_mecal.png","contentUrl":"https:\/\/www.lidemschool.com\/wp-content\/uploads\/2023\/06\/banner_mecal.png","width":960,"height":356,"caption":"mecal-bcn"},{"@type":"BreadcrumbList","@id":"https:\/\/www.lidemschool.com\/fr\/blog\/mocca-the-sun-thief-selectionne-festival-mecal-bcn\/#breadcrumb","itemListElement":[{"@type":"ListItem","position":1,"name":"Home","item":"https:\/\/www.lidemschool.com\/fr\/"},{"@type":"ListItem","position":2,"name":"\u2018Mocca\u2019 et \u2018The Sun Thief\u2019 s\u00e9lectionn\u00e9s au Mecal BCN Festival"}]},{"@type":"WebSite","@id":"https:\/\/www.lidemschool.com\/fr\/#website","url":"https:\/\/www.lidemschool.com\/fr\/","name":"L&#039;Idem Animation School","description":"L&#039;Idem Animation School","potentialAction":[{"@type":"SearchAction","target":{"@type":"EntryPoint","urlTemplate":"https:\/\/www.lidemschool.com\/fr\/?s={search_term_string}"},"query-input":{"@type":"PropertyValueSpecification","valueRequired":true,"valueName":"search_term_string"}}],"inLanguage":"fr-FR"},{"@type":"Person","@id":"https:\/\/www.lidemschool.com\/fr\/#\/schema\/person\/e799389631972a78b9cb9ae5ced992d8","name":"Nuria","url":"https:\/\/www.lidemschool.com\/fr\/blog\/author\/kjtbkerqxyy80lgjuijo\/"}]}},"_links":{"self":[{"href":"https:\/\/www.lidemschool.com\/fr\/wp-json\/wp\/v2\/posts\/31668","targetHints":{"allow":["GET"]}}],"collection":[{"href":"https:\/\/www.lidemschool.com\/fr\/wp-json\/wp\/v2\/posts"}],"about":[{"href":"https:\/\/www.lidemschool.com\/fr\/wp-json\/wp\/v2\/types\/post"}],"author":[{"embeddable":true,"href":"https:\/\/www.lidemschool.com\/fr\/wp-json\/wp\/v2\/users\/7"}],"replies":[{"embeddable":true,"href":"https:\/\/www.lidemschool.com\/fr\/wp-json\/wp\/v2\/comments?post=31668"}],"version-history":[{"count":0,"href":"https:\/\/www.lidemschool.com\/fr\/wp-json\/wp\/v2\/posts\/31668\/revisions"}],"wp:featuredmedia":[{"embeddable":true,"href":"https:\/\/www.lidemschool.com\/fr\/wp-json\/wp\/v2\/media\/31660"}],"wp:attachment":[{"href":"https:\/\/www.lidemschool.com\/fr\/wp-json\/wp\/v2\/media?parent=31668"}],"wp:term":[{"taxonomy":"category","embeddable":true,"href":"https:\/\/www.lidemschool.com\/fr\/wp-json\/wp\/v2\/categories?post=31668"},{"taxonomy":"post_tag","embeddable":true,"href":"https:\/\/www.lidemschool.com\/fr\/wp-json\/wp\/v2\/tags?post=31668"}],"curies":[{"name":"wp","href":"https:\/\/api.w.org\/{rel}","templated":true}]}}