{"id":30884,"date":"2023-05-02T07:11:43","date_gmt":"2023-05-02T07:11:43","guid":{"rendered":"https:\/\/www.lidemschool.com\/blog\/lidem-barcelona-a-animayo-2023\/"},"modified":"2023-05-02T07:11:44","modified_gmt":"2023-05-02T07:11:44","slug":"lidem-barcelona-a-animayo-2023","status":"publish","type":"post","link":"https:\/\/www.lidemschool.com\/fr\/blog\/lidem-barcelona-en-el-festival-animayo\/","title":{"rendered":"L&rsquo;Idem Barcelona \u00e0 ANIMAYO 2023"},"content":{"rendered":"<p>[et_pb_section fb_built=\u00a0\u00bb1&Prime; admin_label=\u00a0\u00bbsection\u00a0\u00bb _builder_version=\u00a0\u00bb3.22&Prime; global_colors_info=\u00a0\u00bb{}\u00a0\u00bb][et_pb_row admin_label=\u00a0\u00bbrow\u00a0\u00bb _builder_version=\u00a0\u00bb3.25&Prime; background_size=\u00a0\u00bbinitial\u00a0\u00bb background_position=\u00a0\u00bbtop_left\u00a0\u00bb background_repeat=\u00a0\u00bbrepeat\u00a0\u00bb global_colors_info=\u00a0\u00bb{}\u00a0\u00bb][et_pb_column type=\u00a0\u00bb4_4&Prime; _builder_version=\u00a0\u00bb3.25&Prime; custom_padding=\u00a0\u00bb|||\u00a0\u00bb global_colors_info=\u00a0\u00bb{}\u00a0\u00bb custom_padding__hover=\u00a0\u00bb|||\u00a0\u00bb][et_pb_text _builder_version=\u00a0\u00bb4.14.8&Prime; _module_preset=\u00a0\u00bbdefault\u00a0\u00bb global_colors_info=\u00a0\u00bb{}\u00a0\u00bb]<\/p>\n<p>L&rsquo;Idem Barcelona sera pr\u00e9sent \u00e0 la 18\u00e8me \u00e9dition de <strong><a href=\"https:\/\/www.animayo.com\/\" target=\"_blank\" rel=\"noopener\">ANIMAYO<\/a> , le Festival international de l&rsquo;animation, des effets visuels et des jeux vid\u00e9o<\/strong> qui se tiendra du 3 au 6 mai \u00e0 l&rsquo;espace CICCA et au Th\u00e9\u00e2tre Guiniguada de Gran Canaria.<\/p>\n<p>Plus de 40\u00a0invit\u00e9s et intervenants de haut niveau donneront 14\u00a0Master Classes, conf\u00e9rences, ateliers et 12\u00a0producteurs participeront \u00e0 une s\u00e9ance de <em>recrutement<\/em>et de r\u00e9seautage professionnel.<\/p>\n<p>Parmi les soci\u00e9t\u00e9s de production participantes, cette ann\u00e9e comprendra des soci\u00e9t\u00e9s leaders du secteur telles que\u00a0: <strong>Skydance Animation <\/strong>, <strong>Axis Studios <\/strong>, <strong>ReDefine, Ghost VFX <\/ strong>, <strong>Fortiche<\/strong>, <strong>Studio Nowake<\/strong>, <strong>bWater Animation Studios<\/strong>, <strong>Atlantis Animation<\/strong>, <strong>3Doubles Productions<\/strong> strong>, <strong>Amuse Studios<\/strong>, <strong>Mondo TV Studios<\/strong>, <strong>BMCaff Studio<\/strong> et <strong>Anima Kitchent<\/strong>.<\/p>\n<p>[\/et_pb_text][\/et_pb_column][\/et_pb_row][et_pb_row admin_label=\u00a0\u00bbrow\u00a0\u00bb _builder_version=\u00a0\u00bb3.25&Prime; background_size=\u00a0\u00bbinitial\u00a0\u00bb background_position=\u00a0\u00bbtop_left\u00a0\u00bb background_repeat=\u00a0\u00bbrepeat\u00a0\u00bb global_colors_info=\u00a0\u00bb{}\u00a0\u00bb][et_pb_column type=\u00a0\u00bb4_4&Prime; _builder_version=\u00a0\u00bb3.25&Prime; custom_padding=\u00a0\u00bb|||\u00a0\u00bb global_colors_info=\u00a0\u00bb{}\u00a0\u00bb custom_padding__hover=\u00a0\u00bb|||\u00a0\u00bb][et_pb_image src=\u00a0\u00bbhttps:\/\/www.lidemschool.com\/wp-content\/uploads\/2023\/04\/signe-vinther.jpg\u00a0\u00bb alt=\u00a0\u00bbsigne-vinther-animayo-2023&Prime; title_text=\u00a0\u00bbsigne-vinther-animayo-2023&Prime; align=\u00a0\u00bbcenter\u00a0\u00bb _builder_version=\u00a0\u00bb4.14.8&Prime; _module_preset=\u00a0\u00bbdefault\u00a0\u00bb background_enable_image=\u00a0\u00bboff\u00a0\u00bb global_colors_info=\u00a0\u00bb{}\u00a0\u00bb][\/et_pb_image][et_pb_text _builder_version=\u00a0\u00bb4.14.8&Prime; _module_preset=\u00a0\u00bbdefault\u00a0\u00bb hover_enabled=\u00a0\u00bb0&Prime; global_colors_info=\u00a0\u00bb{}\u00a0\u00bb sticky_enabled=\u00a0\u00bb0&Prime;]<\/p>\n<h4><strong>Masterclass\u00a0: Signe Vinther<\/strong><\/h4>\n<p>L&rsquo;Idem Barcelona sponsorise la Masterclass de <strong>Signe Vinther<\/strong>, Producteur VFX et Artist Manager qui parlera de sa carri\u00e8re dans des entreprises telles que Ghost VFX, ayant fait partie de projets aussi remarquables que <em> Rogue One\u00a0: Une histoire de Star Wars\u00a0: Les derniers Jedi<\/em>\u00a0; <em>StarTrek<\/em>, <em>Black Panther<\/em> ou la s\u00e9rie t\u00e9l\u00e9vis\u00e9e <em>The Walking Dead<\/em>.<\/p>\n<p>[\/et_pb_text][\/et_pb_column][\/et_pb_row][et_pb_row admin_label=\u00a0\u00bbrow\u00a0\u00bb _builder_version=\u00a0\u00bb3.25&Prime; background_size=\u00a0\u00bbinitial\u00a0\u00bb background_position=\u00a0\u00bbtop_left\u00a0\u00bb background_repeat=\u00a0\u00bbrepeat\u00a0\u00bb global_colors_info=\u00a0\u00bb{}\u00a0\u00bb][et_pb_column type=\u00a0\u00bb4_4&Prime; _builder_version=\u00a0\u00bb3.25&Prime; custom_padding=\u00a0\u00bb|||\u00a0\u00bb global_colors_info=\u00a0\u00bb{}\u00a0\u00bb custom_padding__hover=\u00a0\u00bb|||\u00a0\u00bb][et_pb_text _builder_version=\u00a0\u00bb4.14.8&Prime; _module_preset=\u00a0\u00bbdefault\u00a0\u00bb hover_enabled=\u00a0\u00bb0&Prime; global_colors_info=\u00a0\u00bb{}\u00a0\u00bb sticky_enabled=\u00a0\u00bb0&Prime;]<\/p>\n<h4><strong>Pr\u00e9sentations en ligne avec des professeurs de L&rsquo;Idem Barcelona<\/strong><\/h4>\n<p>Les professeurs de L&rsquo;Idem Barcelona donneront diff\u00e9rentes pr\u00e9sentations en ligne. D&rsquo;une part, Antonio Santamar\u00eda animera l&rsquo;atelier <strong>Storyboard-Screen Direction in Filmmaking<\/strong>. Dans cet atelier en ligne, nous analyserons comment traiter la r\u00e9alisation d&rsquo;un storyboard pour faire bouger les personnages de mani\u00e8re coh\u00e9rente et significative du point de vue du public :<\/p>\n<ul>\n<li><span data-contrast=\"auto\">Direction de l&rsquo;\u00e9cran dans le r\u00e9cit occidental par rapport au r\u00e9cit oriental.<\/span><\/li>\n<li>Direction de l&rsquo;id\u00e9e vers un lieu par rapport \u00e0 la direction de retour \u00e0 partir de ce m\u00eame lieu (cam\u00e9ra gauche contre cam\u00e9ra droite).<\/li>\n<li>Relation avec le saut d&rsquo;axe et la r\u00e8gle des 180\u00ba.<\/li>\n<li>Comment modifier l&rsquo;adresse de l&rsquo;\u00e9cran dans l&rsquo;ordre.<\/li>\n<li>Progression de la position du personnage \u00e0 l&rsquo;\u00e9cran pour cr\u00e9er un dynamisme visuel dans la direction \u00e0 l&rsquo;\u00e9cran.<\/li>\n<\/ul>\n<p>[\/et_pb_text][\/et_pb_column][\/et_pb_row][et_pb_row column_structure=\u00a0\u00bb1_2,1_2&Prime; admin_label=\u00a0\u00bbrow\u00a0\u00bb _builder_version=\u00a0\u00bb3.25&Prime; background_size=\u00a0\u00bbinitial\u00a0\u00bb background_position=\u00a0\u00bbtop_left\u00a0\u00bb background_repeat=\u00a0\u00bbrepeat\u00a0\u00bb global_colors_info=\u00a0\u00bb{}\u00a0\u00bb][et_pb_column type=\u00a0\u00bb1_2&Prime; _builder_version=\u00a0\u00bb3.25&Prime; custom_padding=\u00a0\u00bb|||\u00a0\u00bb global_colors_info=\u00a0\u00bb{}\u00a0\u00bb custom_padding__hover=\u00a0\u00bb|||\u00a0\u00bb][et_pb_image src=\u00a0\u00bbhttps:\/\/www.lidemschool.com\/wp-content\/uploads\/2023\/04\/4.jpg\u00a0\u00bb alt=\u00a0\u00bbtaller storyboard screen direction antonio santamaria b&#039;ars\u00a0\u00bb title_text=\u00a0\u00bb4&Prime; _builder_version=\u00a0\u00bb4.14.8&Prime; _module_preset=\u00a0\u00bbdefault\u00a0\u00bb hover_enabled=\u00a0\u00bb0&Prime; global_colors_info=\u00a0\u00bb{}\u00a0\u00bb sticky_enabled=\u00a0\u00bb0&Prime;][\/et_pb_image][et_pb_button button_url=\u00a0\u00bbhttps:\/\/www.animayo.com\/?accion=avance_gc_2023&Prime; url_new_window=\u00a0\u00bbon\u00a0\u00bb button_text=\u00a0\u00bbM\u00e1s informaci\u00f3n\u00a0\u00bb button_alignment=\u00a0\u00bbleft\u00a0\u00bb _builder_version=\u00a0\u00bb4.14.8&Prime; _module_preset=\u00a0\u00bbdefault\u00a0\u00bb global_colors_info=\u00a0\u00bb{}\u00a0\u00bb][\/et_pb_button][\/et_pb_column][et_pb_column type=\u00a0\u00bb1_2&Prime; _builder_version=\u00a0\u00bb3.25&Prime; custom_padding=\u00a0\u00bb|||\u00a0\u00bb global_colors_info=\u00a0\u00bb{}\u00a0\u00bb custom_padding__hover=\u00a0\u00bb|||\u00a0\u00bb][et_pb_text _builder_version=\u00a0\u00bb4.14.8&Prime; _module_preset=\u00a0\u00bbdefault\u00a0\u00bb global_colors_info=\u00a0\u00bb{}\u00a0\u00bb]<\/p>\n<h3>Storyboard\u00a0: direction de l&rsquo;\u00e9cran vers la r\u00e9alisation de films<u><\/u><\/h3>\n<ul>\n<li class=\"m_-8760125050587698438MsoListParagraph\">Enseignant\u00a0: <a href=\"https:\/\/www.lidemschool.com\/teacher\/antonio-jesus-santamaria-ramirez\/\" target=\"_blank\" rel=\"noopener\">Antonio Santamar\u00eda<\/a><u><\/u><u><\/u><\/li>\n<li class=\"m_-8760125050587698438MsoListParagraph\">Langue\u00a0: espagnol<u><\/u><\/li>\n<li class=\"m_-8760125050587698438MsoListParagraph\">Format\u00a0: en ligne<\/li>\n<li>Niveau moyen-\u00e9lev\u00e9<\/li>\n<\/ul>\n<p>[\/et_pb_text][\/et_pb_column][\/et_pb_row][et_pb_row admin_label=\u00a0\u00bbrow\u00a0\u00bb _builder_version=\u00a0\u00bb3.25&Prime; background_size=\u00a0\u00bbinitial\u00a0\u00bb background_position=\u00a0\u00bbtop_left\u00a0\u00bb background_repeat=\u00a0\u00bbrepeat\u00a0\u00bb global_colors_info=\u00a0\u00bb{}\u00a0\u00bb][et_pb_column type=\u00a0\u00bb4_4&Prime; _builder_version=\u00a0\u00bb3.25&Prime; custom_padding=\u00a0\u00bb|||\u00a0\u00bb global_colors_info=\u00a0\u00bb{}\u00a0\u00bb custom_padding__hover=\u00a0\u00bb|||\u00a0\u00bb][et_pb_text _builder_version=\u00a0\u00bb4.14.8&Prime; _module_preset=\u00a0\u00bbdefault\u00a0\u00bb hover_enabled=\u00a0\u00bb0&Prime; global_colors_info=\u00a0\u00bb{}\u00a0\u00bb sticky_enabled=\u00a0\u00bb0&Prime;]<\/p>\n<p>D&rsquo;autre part, notre professeur Eduardo Morales, proposera l&rsquo;atelier en ligne <strong>Marmoset\u00a0: pr\u00e9parer un portefeuille en temps r\u00e9el. <\/strong>Cette pr\u00e9sentation en ligne offrira une petite d\u00e9monstration de l&rsquo;utilisation des outils de base de Marmoset Toolbag, un moteur de rendu en temps r\u00e9el largement utilis\u00e9 dans l&rsquo;industrie du jeu pour pr\u00e9senter des portefeuilles. <span data-contrast=\"auto\">Eduardo passera en revue certains concepts de base et pr\u00e9parera un travail fini \u00e0 pr\u00e9senter sur des plateformes de portfolio telles que Artstation, par exemple.<\/span><\/p>\n<p>[\/et_pb_text][\/et_pb_column][\/et_pb_row][et_pb_row column_structure=\u00a0\u00bb1_2,1_2&Prime; admin_label=\u00a0\u00bbrow\u00a0\u00bb _builder_version=\u00a0\u00bb3.25&Prime; background_size=\u00a0\u00bbinitial\u00a0\u00bb background_position=\u00a0\u00bbtop_left\u00a0\u00bb background_repeat=\u00a0\u00bbrepeat\u00a0\u00bb global_colors_info=\u00a0\u00bb{}\u00a0\u00bb][et_pb_column type=\u00a0\u00bb1_2&Prime; _builder_version=\u00a0\u00bb3.25&Prime; custom_padding=\u00a0\u00bb|||\u00a0\u00bb global_colors_info=\u00a0\u00bb{}\u00a0\u00bb custom_padding__hover=\u00a0\u00bb|||\u00a0\u00bb][et_pb_text _builder_version=\u00a0\u00bb4.14.8&Prime; _module_preset=\u00a0\u00bbdefault\u00a0\u00bb hover_enabled=\u00a0\u00bb0&Prime; global_colors_info=\u00a0\u00bb{}\u00a0\u00bb sticky_enabled=\u00a0\u00bb0&Prime;]auto_awesome<br \/>\nTraducir del: ingl\u00e9s<br \/>\n662 \/ 5.000<br \/>\nResultados de traducci\u00f3n<br \/>\nResultado de traducci\u00f3n<br \/>\nh3><span class=\"NormalTextRun SpellingErrorV2Themed SCXW25703151 BCX9\" data-ccp-charstyle=\"ui-provider\">Ouistiti<\/span><span class=\"NormalTextRun SCXW25703151 BCX9\" data-ccp-charstyle=\"ui-provider\"> : Pr\u00e9parer votre portefeuille en temps r\u00e9el<\/span><u><\/u><\/h3>\n<ul>\n<li class=\"m_-8760125050587698438MsoListParagraph\">Enseignant : <a href=\"https:\/\/www.lidemschool.com\/teacher\/eduardo-morales-ojeda\/\" target=\"_blank\" rel=\"noopener\"><strong> Eduardo Morales<\/strong><\/a><u><\/u><u><\/u><\/li>\n<li class=\"m_-8760125050587698438MsoListParagraph\">Langue : espagnol<u><\/u><\/li>\n<li class=\"m_-8760125050587698438MsoListParagraph\">Format : en ligne<\/li>\n<li>Niveau moyen<\/li>\n<\/ul>\n<p>[\/et_pb_text][\/et_pb_column][et_pb_column type=\u00a0\u00bb1_2&Prime; _builder_version=\u00a0\u00bb3.25&Prime; custom_padding=\u00a0\u00bb|||\u00a0\u00bb global_colors_info=\u00a0\u00bb{}\u00a0\u00bb custom_padding__hover=\u00a0\u00bb|||\u00a0\u00bb][et_pb_image src=\u00a0\u00bbhttps:\/\/www.lidemschool.com\/wp-content\/uploads\/2021\/10\/eduardo-morales.jpg\u00a0\u00bb alt=\u00a0\u00bbeduardo-morales\u00a0\u00bb _builder_version=\u00a0\u00bb4.14.8&Prime; _module_preset=\u00a0\u00bbdefault\u00a0\u00bb hover_enabled=\u00a0\u00bb0&Prime; global_colors_info=\u00a0\u00bb{}\u00a0\u00bb title_text=\u00a0\u00bbeduardo-morales\u00a0\u00bb sticky_enabled=\u00a0\u00bb0&Prime;][\/et_pb_image][et_pb_button button_url=\u00a0\u00bbhttps:\/\/www.lidemschool.com\/fr\/equipe-enseignants\/eduardo-morales-ojeda\/\u00a0\u00bb url_new_window=\u00a0\u00bbon\u00a0\u00bb button_text=\u00a0\u00bbM\u00e1s informaci\u00f3n\u00a0\u00bb button_alignment=\u00a0\u00bbleft\u00a0\u00bb _builder_version=\u00a0\u00bb4.14.8&Prime; _module_preset=\u00a0\u00bbdefault\u00a0\u00bb hover_enabled=\u00a0\u00bb0&Prime; global_colors_info=\u00a0\u00bb{}\u00a0\u00bb sticky_enabled=\u00a0\u00bb0&Prime;][\/et_pb_button][\/et_pb_column][\/et_pb_row][et_pb_row _builder_version=\u00a0\u00bb4.14.8&Prime; _module_preset=\u00a0\u00bbdefault\u00a0\u00bb global_colors_info=\u00a0\u00bb{}\u00a0\u00bb][et_pb_column type=\u00a0\u00bb4_4&Prime; _builder_version=\u00a0\u00bb4.14.8&Prime; _module_preset=\u00a0\u00bbdefault\u00a0\u00bb global_colors_info=\u00a0\u00bb{}\u00a0\u00bb][et_pb_text _builder_version=\u00a0\u00bb4.14.8&Prime; _module_preset=\u00a0\u00bbdefault\u00a0\u00bb global_colors_info=\u00a0\u00bb{}\u00a0\u00bb]h4><strong>Bourses de talents Animayo<\/strong><\/h4>\n<p>L&rsquo;Idem recherche des talents qui souhaitent d\u00e9velopper leur carri\u00e8re professionnelle au sein des Arts Num\u00e9riques Cr\u00e9atifs. Nous accordons plus de 10 000 \u20ac en 2 bourses pour \u00e9tudier <a href=\"https:\/\/www.lidemschool.com\/higher-studies\/2d-3d-animation-and-videogames\/\" target=\"_blank\" rel=\"noopener\"><strong>Animation 2D-3D\/Jeux vid\u00e9o<\/strong><\/a> et 2 bourses pour <a href=\"https:\/\/www.lidemschool.com\/higher-studies\/international-digital-graphic-design\/\" target=\"_blank\" rel=\"noopener\"><strong>Conception num\u00e9rique internationale<\/strong><\/a>.<\/p>\n<p><strong>Vous pouvez postuler pour les bourses avant le 31\u00a0juin<\/strong>. Ils ne seront appliqu\u00e9s qu&rsquo;en premi\u00e8re ann\u00e9e d&rsquo;\u00e9tudes et ne seront pas cumulatifs. Si vous avez besoin de conna\u00eetre toutes les informations concernant ces bourses, nous aurons un stand d&rsquo;information au festival pour r\u00e9soudre tous les doutes sur notre programme \u00e9ducatif. Venez nous rendre visite !<\/p>\n<h4><strong>Un festival de premi\u00e8re classe<\/strong><\/h4>\n<p>Animayo est le premier et le seul festival en Espagne r\u00e9compens\u00e9 comme \u00ab\u00a0Festival de qualification\u00a0\u00bb par l&rsquo;Acad\u00e9mie des arts et des sciences du cin\u00e9ma d&rsquo;Hollywood pour les Oscars dans la cat\u00e9gorie du meilleur court m\u00e9trage d&rsquo;animation. De plus, cette ann\u00e9e, un total de 705 \u0153uvres provenant de pays tels que la France, Ta\u00efwan, l&rsquo;Espagne, le Mexique, l&rsquo;Inde, la Chine, la Pologne, la Turquie, l&rsquo;Indon\u00e9sie, la Hongrie, les \u00c9tats-Unis ou l&rsquo;Allemagne ont \u00e9t\u00e9 soumises au concours.<\/p>\n<p>Vous pouvez consulter le programme complet du festival au lien suivant : <a href=\"https:\/\/www.animayo.com\/?accion=avance_gc_2023\"><strong>Animayo 2023<\/strong><\/a> < \/p><\/p>\n<p>&nbsp;<\/p>\n<p>[\/et_pb_text][\/et_pb_column][\/et_pb_row][\/et_pb_section]<\/p>\n","protected":false},"excerpt":{"rendered":"<p>L&rsquo;Idem Barcelona sera pr\u00e9sent \u00e0 la 18\u00e8me \u00e9dition de ANIMAYO , le Festival international de l&rsquo;animation, des effets visuels et des jeux vid\u00e9o qui se tiendra du 3 au 6 mai \u00e0 l&rsquo;espace CICCA et au Th\u00e9\u00e2tre Guiniguada de Gran Canaria. Plus de 40\u00a0invit\u00e9s et intervenants de haut niveau donneront 14\u00a0Master Classes, conf\u00e9rences, ateliers et [&hellip;]<\/p>\n","protected":false},"author":7,"featured_media":30768,"comment_status":"closed","ping_status":"open","sticky":false,"template":"","format":"standard","meta":{"_et_pb_use_builder":"on","_et_pb_old_content":"","_et_gb_content_width":"","content-type":"","inline_featured_image":false,"footnotes":""},"categories":[38,39],"tags":[454,782],"class_list":["post-30884","post","type-post","status-publish","format-standard","has-post-thumbnail","hentry","category-animacion","category-noticias","tag-animacion-2-fr","tag-animayo-fr"],"yoast_head":"<!-- This site is optimized with the Yoast SEO plugin v27.4 - https:\/\/yoast.com\/product\/yoast-seo-wordpress\/ -->\n<title>L&#039;Idem Barcelona \u00e0 ANIMAYO 2023<\/title>\n<meta name=\"description\" content=\"L&#039;Idem Barcelona participera cette ann\u00e9e \u00e0 ANIMAYO Gran Canaria 2023, le Festival international de l&#039;animation, des effets visuels et des jeux vid\u00e9o.\" \/>\n<meta name=\"robots\" content=\"index, follow, max-snippet:-1, max-image-preview:large, max-video-preview:-1\" \/>\n<link rel=\"canonical\" href=\"https:\/\/www.lidemschool.com\/fr\/blog\/lidem-barcelona-en-el-festival-animayo\/\" \/>\n<meta property=\"og:locale\" content=\"fr_FR\" \/>\n<meta property=\"og:type\" content=\"article\" \/>\n<meta property=\"og:title\" content=\"L&#039;Idem Barcelona \u00e0 ANIMAYO 2023\" \/>\n<meta property=\"og:description\" content=\"L&#039;Idem Barcelona participera cette ann\u00e9e \u00e0 ANIMAYO Gran Canaria 2023, le Festival international de l&#039;animation, des effets visuels et des jeux vid\u00e9o.\" \/>\n<meta property=\"og:url\" content=\"https:\/\/www.lidemschool.com\/fr\/blog\/lidem-barcelona-en-el-festival-animayo\/\" \/>\n<meta property=\"og:site_name\" content=\"L&#039;Idem Animation School\" \/>\n<meta property=\"article:published_time\" content=\"2023-05-02T07:11:43+00:00\" \/>\n<meta property=\"article:modified_time\" content=\"2023-05-02T07:11:44+00:00\" \/>\n<meta property=\"og:image\" content=\"https:\/\/www.lidemschool.com\/wp-content\/uploads\/2023\/04\/animayo-2023.png\" \/>\n\t<meta property=\"og:image:width\" content=\"1000\" \/>\n\t<meta property=\"og:image:height\" content=\"625\" \/>\n\t<meta property=\"og:image:type\" content=\"image\/png\" \/>\n<meta name=\"author\" content=\"Nuria\" \/>\n<meta name=\"twitter:card\" content=\"summary_large_image\" \/>\n<meta name=\"twitter:label1\" content=\"\u00c9crit par\" \/>\n\t<meta name=\"twitter:data1\" content=\"Nuria\" \/>\n\t<meta name=\"twitter:label2\" content=\"Dur\u00e9e de lecture estim\u00e9e\" \/>\n\t<meta name=\"twitter:data2\" content=\"6 minutes\" \/>\n<script type=\"application\/ld+json\" class=\"yoast-schema-graph\">{\"@context\":\"https:\\\/\\\/schema.org\",\"@graph\":[{\"@type\":\"Article\",\"@id\":\"https:\\\/\\\/www.lidemschool.com\\\/fr\\\/blog\\\/lidem-barcelona-en-el-festival-animayo\\\/#article\",\"isPartOf\":{\"@id\":\"https:\\\/\\\/www.lidemschool.com\\\/fr\\\/blog\\\/lidem-barcelona-en-el-festival-animayo\\\/\"},\"author\":{\"name\":\"Nuria\",\"@id\":\"https:\\\/\\\/www.lidemschool.com\\\/fr\\\/#\\\/schema\\\/person\\\/e799389631972a78b9cb9ae5ced992d8\"},\"headline\":\"L&rsquo;Idem Barcelona \u00e0 ANIMAYO 2023\",\"datePublished\":\"2023-05-02T07:11:43+00:00\",\"dateModified\":\"2023-05-02T07:11:44+00:00\",\"mainEntityOfPage\":{\"@id\":\"https:\\\/\\\/www.lidemschool.com\\\/fr\\\/blog\\\/lidem-barcelona-en-el-festival-animayo\\\/\"},\"wordCount\":1320,\"image\":{\"@id\":\"https:\\\/\\\/www.lidemschool.com\\\/fr\\\/blog\\\/lidem-barcelona-en-el-festival-animayo\\\/#primaryimage\"},\"thumbnailUrl\":\"https:\\\/\\\/www.lidemschool.com\\\/wp-content\\\/uploads\\\/2023\\\/04\\\/animayo-2023.png\",\"keywords\":[\"animaci\u00f3n\",\"Animayo\"],\"articleSection\":[\"Animaci\u00f3n\",\"Noticias\"],\"inLanguage\":\"fr-FR\"},{\"@type\":\"WebPage\",\"@id\":\"https:\\\/\\\/www.lidemschool.com\\\/fr\\\/blog\\\/lidem-barcelona-en-el-festival-animayo\\\/\",\"url\":\"https:\\\/\\\/www.lidemschool.com\\\/fr\\\/blog\\\/lidem-barcelona-en-el-festival-animayo\\\/\",\"name\":\"L'Idem Barcelona \u00e0 ANIMAYO 2023\",\"isPartOf\":{\"@id\":\"https:\\\/\\\/www.lidemschool.com\\\/fr\\\/#website\"},\"primaryImageOfPage\":{\"@id\":\"https:\\\/\\\/www.lidemschool.com\\\/fr\\\/blog\\\/lidem-barcelona-en-el-festival-animayo\\\/#primaryimage\"},\"image\":{\"@id\":\"https:\\\/\\\/www.lidemschool.com\\\/fr\\\/blog\\\/lidem-barcelona-en-el-festival-animayo\\\/#primaryimage\"},\"thumbnailUrl\":\"https:\\\/\\\/www.lidemschool.com\\\/wp-content\\\/uploads\\\/2023\\\/04\\\/animayo-2023.png\",\"datePublished\":\"2023-05-02T07:11:43+00:00\",\"dateModified\":\"2023-05-02T07:11:44+00:00\",\"author\":{\"@id\":\"https:\\\/\\\/www.lidemschool.com\\\/fr\\\/#\\\/schema\\\/person\\\/e799389631972a78b9cb9ae5ced992d8\"},\"description\":\"L'Idem Barcelona participera cette ann\u00e9e \u00e0 ANIMAYO Gran Canaria 2023, le Festival international de l'animation, des effets visuels et des jeux vid\u00e9o.\",\"breadcrumb\":{\"@id\":\"https:\\\/\\\/www.lidemschool.com\\\/fr\\\/blog\\\/lidem-barcelona-en-el-festival-animayo\\\/#breadcrumb\"},\"inLanguage\":\"fr-FR\",\"potentialAction\":[{\"@type\":\"ReadAction\",\"target\":[\"https:\\\/\\\/www.lidemschool.com\\\/fr\\\/blog\\\/lidem-barcelona-en-el-festival-animayo\\\/\"]}]},{\"@type\":\"ImageObject\",\"inLanguage\":\"fr-FR\",\"@id\":\"https:\\\/\\\/www.lidemschool.com\\\/fr\\\/blog\\\/lidem-barcelona-en-el-festival-animayo\\\/#primaryimage\",\"url\":\"https:\\\/\\\/www.lidemschool.com\\\/wp-content\\\/uploads\\\/2023\\\/04\\\/animayo-2023.png\",\"contentUrl\":\"https:\\\/\\\/www.lidemschool.com\\\/wp-content\\\/uploads\\\/2023\\\/04\\\/animayo-2023.png\",\"width\":1000,\"height\":625,\"caption\":\"animayo-2023\"},{\"@type\":\"BreadcrumbList\",\"@id\":\"https:\\\/\\\/www.lidemschool.com\\\/fr\\\/blog\\\/lidem-barcelona-en-el-festival-animayo\\\/#breadcrumb\",\"itemListElement\":[{\"@type\":\"ListItem\",\"position\":1,\"name\":\"Home\",\"item\":\"https:\\\/\\\/www.lidemschool.com\\\/fr\\\/\"},{\"@type\":\"ListItem\",\"position\":2,\"name\":\"L&rsquo;Idem Barcelona \u00e0 ANIMAYO 2023\"}]},{\"@type\":\"WebSite\",\"@id\":\"https:\\\/\\\/www.lidemschool.com\\\/fr\\\/#website\",\"url\":\"https:\\\/\\\/www.lidemschool.com\\\/fr\\\/\",\"name\":\"L&#039;Idem Animation School\",\"description\":\"L&#039;Idem Animation School\",\"potentialAction\":[{\"@type\":\"SearchAction\",\"target\":{\"@type\":\"EntryPoint\",\"urlTemplate\":\"https:\\\/\\\/www.lidemschool.com\\\/fr\\\/?s={search_term_string}\"},\"query-input\":{\"@type\":\"PropertyValueSpecification\",\"valueRequired\":true,\"valueName\":\"search_term_string\"}}],\"inLanguage\":\"fr-FR\"},{\"@type\":\"Person\",\"@id\":\"https:\\\/\\\/www.lidemschool.com\\\/fr\\\/#\\\/schema\\\/person\\\/e799389631972a78b9cb9ae5ced992d8\",\"name\":\"Nuria\",\"url\":\"https:\\\/\\\/www.lidemschool.com\\\/fr\\\/blog\\\/author\\\/kjtbkerqxyy80lgjuijo\\\/\"}]}<\/script>\n<!-- \/ Yoast SEO plugin. -->","yoast_head_json":{"title":"L'Idem Barcelona \u00e0 ANIMAYO 2023","description":"L'Idem Barcelona participera cette ann\u00e9e \u00e0 ANIMAYO Gran Canaria 2023, le Festival international de l'animation, des effets visuels et des jeux vid\u00e9o.","robots":{"index":"index","follow":"follow","max-snippet":"max-snippet:-1","max-image-preview":"max-image-preview:large","max-video-preview":"max-video-preview:-1"},"canonical":"https:\/\/www.lidemschool.com\/fr\/blog\/lidem-barcelona-en-el-festival-animayo\/","og_locale":"fr_FR","og_type":"article","og_title":"L'Idem Barcelona \u00e0 ANIMAYO 2023","og_description":"L'Idem Barcelona participera cette ann\u00e9e \u00e0 ANIMAYO Gran Canaria 2023, le Festival international de l'animation, des effets visuels et des jeux vid\u00e9o.","og_url":"https:\/\/www.lidemschool.com\/fr\/blog\/lidem-barcelona-en-el-festival-animayo\/","og_site_name":"L&#039;Idem Animation School","article_published_time":"2023-05-02T07:11:43+00:00","article_modified_time":"2023-05-02T07:11:44+00:00","og_image":[{"width":1000,"height":625,"url":"https:\/\/www.lidemschool.com\/wp-content\/uploads\/2023\/04\/animayo-2023.png","type":"image\/png"}],"author":"Nuria","twitter_card":"summary_large_image","twitter_misc":{"\u00c9crit par":"Nuria","Dur\u00e9e de lecture estim\u00e9e":"6 minutes"},"schema":{"@context":"https:\/\/schema.org","@graph":[{"@type":"Article","@id":"https:\/\/www.lidemschool.com\/fr\/blog\/lidem-barcelona-en-el-festival-animayo\/#article","isPartOf":{"@id":"https:\/\/www.lidemschool.com\/fr\/blog\/lidem-barcelona-en-el-festival-animayo\/"},"author":{"name":"Nuria","@id":"https:\/\/www.lidemschool.com\/fr\/#\/schema\/person\/e799389631972a78b9cb9ae5ced992d8"},"headline":"L&rsquo;Idem Barcelona \u00e0 ANIMAYO 2023","datePublished":"2023-05-02T07:11:43+00:00","dateModified":"2023-05-02T07:11:44+00:00","mainEntityOfPage":{"@id":"https:\/\/www.lidemschool.com\/fr\/blog\/lidem-barcelona-en-el-festival-animayo\/"},"wordCount":1320,"image":{"@id":"https:\/\/www.lidemschool.com\/fr\/blog\/lidem-barcelona-en-el-festival-animayo\/#primaryimage"},"thumbnailUrl":"https:\/\/www.lidemschool.com\/wp-content\/uploads\/2023\/04\/animayo-2023.png","keywords":["animaci\u00f3n","Animayo"],"articleSection":["Animaci\u00f3n","Noticias"],"inLanguage":"fr-FR"},{"@type":"WebPage","@id":"https:\/\/www.lidemschool.com\/fr\/blog\/lidem-barcelona-en-el-festival-animayo\/","url":"https:\/\/www.lidemschool.com\/fr\/blog\/lidem-barcelona-en-el-festival-animayo\/","name":"L'Idem Barcelona \u00e0 ANIMAYO 2023","isPartOf":{"@id":"https:\/\/www.lidemschool.com\/fr\/#website"},"primaryImageOfPage":{"@id":"https:\/\/www.lidemschool.com\/fr\/blog\/lidem-barcelona-en-el-festival-animayo\/#primaryimage"},"image":{"@id":"https:\/\/www.lidemschool.com\/fr\/blog\/lidem-barcelona-en-el-festival-animayo\/#primaryimage"},"thumbnailUrl":"https:\/\/www.lidemschool.com\/wp-content\/uploads\/2023\/04\/animayo-2023.png","datePublished":"2023-05-02T07:11:43+00:00","dateModified":"2023-05-02T07:11:44+00:00","author":{"@id":"https:\/\/www.lidemschool.com\/fr\/#\/schema\/person\/e799389631972a78b9cb9ae5ced992d8"},"description":"L'Idem Barcelona participera cette ann\u00e9e \u00e0 ANIMAYO Gran Canaria 2023, le Festival international de l'animation, des effets visuels et des jeux vid\u00e9o.","breadcrumb":{"@id":"https:\/\/www.lidemschool.com\/fr\/blog\/lidem-barcelona-en-el-festival-animayo\/#breadcrumb"},"inLanguage":"fr-FR","potentialAction":[{"@type":"ReadAction","target":["https:\/\/www.lidemschool.com\/fr\/blog\/lidem-barcelona-en-el-festival-animayo\/"]}]},{"@type":"ImageObject","inLanguage":"fr-FR","@id":"https:\/\/www.lidemschool.com\/fr\/blog\/lidem-barcelona-en-el-festival-animayo\/#primaryimage","url":"https:\/\/www.lidemschool.com\/wp-content\/uploads\/2023\/04\/animayo-2023.png","contentUrl":"https:\/\/www.lidemschool.com\/wp-content\/uploads\/2023\/04\/animayo-2023.png","width":1000,"height":625,"caption":"animayo-2023"},{"@type":"BreadcrumbList","@id":"https:\/\/www.lidemschool.com\/fr\/blog\/lidem-barcelona-en-el-festival-animayo\/#breadcrumb","itemListElement":[{"@type":"ListItem","position":1,"name":"Home","item":"https:\/\/www.lidemschool.com\/fr\/"},{"@type":"ListItem","position":2,"name":"L&rsquo;Idem Barcelona \u00e0 ANIMAYO 2023"}]},{"@type":"WebSite","@id":"https:\/\/www.lidemschool.com\/fr\/#website","url":"https:\/\/www.lidemschool.com\/fr\/","name":"L&#039;Idem Animation School","description":"L&#039;Idem Animation School","potentialAction":[{"@type":"SearchAction","target":{"@type":"EntryPoint","urlTemplate":"https:\/\/www.lidemschool.com\/fr\/?s={search_term_string}"},"query-input":{"@type":"PropertyValueSpecification","valueRequired":true,"valueName":"search_term_string"}}],"inLanguage":"fr-FR"},{"@type":"Person","@id":"https:\/\/www.lidemschool.com\/fr\/#\/schema\/person\/e799389631972a78b9cb9ae5ced992d8","name":"Nuria","url":"https:\/\/www.lidemschool.com\/fr\/blog\/author\/kjtbkerqxyy80lgjuijo\/"}]}},"_links":{"self":[{"href":"https:\/\/www.lidemschool.com\/fr\/wp-json\/wp\/v2\/posts\/30884","targetHints":{"allow":["GET"]}}],"collection":[{"href":"https:\/\/www.lidemschool.com\/fr\/wp-json\/wp\/v2\/posts"}],"about":[{"href":"https:\/\/www.lidemschool.com\/fr\/wp-json\/wp\/v2\/types\/post"}],"author":[{"embeddable":true,"href":"https:\/\/www.lidemschool.com\/fr\/wp-json\/wp\/v2\/users\/7"}],"replies":[{"embeddable":true,"href":"https:\/\/www.lidemschool.com\/fr\/wp-json\/wp\/v2\/comments?post=30884"}],"version-history":[{"count":2,"href":"https:\/\/www.lidemschool.com\/fr\/wp-json\/wp\/v2\/posts\/30884\/revisions"}],"predecessor-version":[{"id":30886,"href":"https:\/\/www.lidemschool.com\/fr\/wp-json\/wp\/v2\/posts\/30884\/revisions\/30886"}],"wp:featuredmedia":[{"embeddable":true,"href":"https:\/\/www.lidemschool.com\/fr\/wp-json\/wp\/v2\/media\/30768"}],"wp:attachment":[{"href":"https:\/\/www.lidemschool.com\/fr\/wp-json\/wp\/v2\/media?parent=30884"}],"wp:term":[{"taxonomy":"category","embeddable":true,"href":"https:\/\/www.lidemschool.com\/fr\/wp-json\/wp\/v2\/categories?post=30884"},{"taxonomy":"post_tag","embeddable":true,"href":"https:\/\/www.lidemschool.com\/fr\/wp-json\/wp\/v2\/tags?post=30884"}],"curies":[{"name":"wp","href":"https:\/\/api.w.org\/{rel}","templated":true}]}}