{"id":19500,"date":"2021-10-25T09:19:52","date_gmt":"2021-10-25T09:19:52","guid":{"rendered":"https:\/\/www.lidemschool.com\/?p=19500"},"modified":"2023-09-06T14:26:02","modified_gmt":"2023-09-06T14:26:02","slug":"lidem-france-inaugura-nuevo-campus","status":"publish","type":"post","link":"https:\/\/www.lidemschool.com\/en\/blog\/lidem-france-inaugura-nuevo-campus\/","title":{"rendered":"L&#8217;Idem France inaugurates new campus"},"content":{"rendered":"<p>[et_pb_section fb_built=&#8221;1&#8243; admin_label=&#8221;section&#8221; _builder_version=&#8221;3.22&#8243; global_colors_info=&#8221;{}&#8221;][et_pb_row admin_label=&#8221;row&#8221; _builder_version=&#8221;3.25&#8243; background_size=&#8221;initial&#8221; background_position=&#8221;top_left&#8221; background_repeat=&#8221;repeat&#8221; global_colors_info=&#8221;{}&#8221;][et_pb_column type=&#8221;4_4&#8243; _builder_version=&#8221;3.25&#8243; custom_padding=&#8221;|||&#8221; global_colors_info=&#8221;{}&#8221; custom_padding__hover=&#8221;|||&#8221;][et_pb_text _builder_version=&#8221;4.14.8&#8243; _module_preset=&#8221;default&#8221; global_colors_info=&#8221;{}&#8221;]<\/p>\n<p>Coincidiendo con sus 25 a\u00f1os de trayectoria en el sector de la educaci\u00f3n superior, <strong>el campus L&#8217;Idem France ha inaugurado nuevas instalaciones<\/strong>. El nuevo recinto de las industrias culturales del sur de Francia ocupa un espacio de 4.000 m2 construido de forma eco-responsable y equipado con las \u00faltimas tecnolog\u00edas. Un entorno propicio para el trabajo que alberga aulas de estudio, zonas de <em>coworking<\/em>, espacios de descanso, sala de proyecciones y plat\u00f3 de cine, entre otros. El nuevo campus de L&#8217;Idem France forma parte de la nueva <a href=\"https:\/\/france3-regions.francetvinfo.fr\/occitanie\/pyrenees-orientales\/perpignan\/pyrenees-orientales-la-nouvelle-cite-digitale-de-12-000m-inauguree-au-soler-2305651.html\" target=\"_blank\" rel=\"noopener\"><strong>Cit\u00e9 Digitale de Le Soler<\/strong><\/a>, una plataforma multifuncional repartida en 12.000 m2 que pretende reunir en un mismo lugar los motores de las industrias creativas, digitales y culturales. La inversi\u00f3n de ambos edificios ha ascendido a 7,5 millones de euros, el 70% de los cuales ha estado subvencionado por fondos p\u00fablicos.<br \/>La <a href=\"https:\/\/lidem.eu\/lidem-campus-et-la-cite-digitale\/\" target=\"_blank\" rel=\"noopener\">inauguraci\u00f3n oficial<\/a> tuvo lugar el pasado 21 de octubre en Le Soler (Perpi\u00f1\u00e1n) y cont\u00f3 con la asistencia de\u00a0C\u00e9dric O, Secretario de Estado para la Transici\u00f3n Digital y las Comunicaciones Electr\u00f3nicas;\u00a0Armelle Revel-Fourcade, alcaldesa de Le Soler;\u00a0Etienne Stoskopf, Prefecto de los Pirineos Orientales;\u00a0Fran\u00e7ois Calvet, Senador de los Pirineos Orientales; Hermeline Malherbe, Presidenta del Consejo Departamental de los Pirineos Orientales; Robert Vila, Presidente de Perpignan M\u00e9diterran\u00e9e M\u00e9tropole; Thomas Delourmel, Director de Empleo y Formaci\u00f3n del Consejo Regional de Occitania; Yves Muchembled, Director de Desarrollo y Red de AFDAS;\u00a0Christine Rey, fundadora de L&#8217;Idem Creative Arts School, y Pierre Roca, cofundador de la Escuela de Artes Creativas L&#8217;IDEM y Presidente del P\u00f4le Action M\u00e9dia.<\/p>\n<p>[\/et_pb_text][et_pb_gallery gallery_ids=&#8221;19494,19490,19486,19482,19478,19474&#8243; fullwidth=&#8221;on&#8221; _builder_version=&#8221;4.14.8&#8243; _module_preset=&#8221;default&#8221; global_colors_info=&#8221;{}&#8221;][\/et_pb_gallery][\/et_pb_column][\/et_pb_row][\/et_pb_section]<\/p>\n","protected":false},"excerpt":{"rendered":"<p>Coincidiendo con sus 25 a\u00f1os de trayectoria en el sector de la educaci\u00f3n superior, el campus L&#8217;Idem France ha inaugurado nuevas instalaciones. El nuevo recinto de las industrias culturales del sur de Francia ocupa un espacio de 4.000 m2 construido de forma eco-responsable y equipado con las \u00faltimas tecnolog\u00edas. Un entorno propicio para el trabajo [&hellip;]<\/p>\n","protected":false},"author":7,"featured_media":19469,"comment_status":"closed","ping_status":"open","sticky":false,"template":"","format":"standard","meta":{"_et_pb_use_builder":"on","_et_pb_old_content":"","_et_gb_content_width":"","content-type":"","inline_featured_image":false,"footnotes":""},"categories":[70],"tags":[515],"class_list":["post-19500","post","type-post","status-publish","format-standard","has-post-thumbnail","hentry","category-news","tag-instalaciones-en"],"yoast_head":"<!-- This site is optimized with the Yoast SEO plugin v27.4 - https:\/\/yoast.com\/product\/yoast-seo-wordpress\/ -->\n<title>L&#039;Idem Barcelona | Jean-Michel Jarre apadrina l&#039;estudios L&#039;Idem France<\/title>\n<meta name=\"description\" content=\"L&#039;Idem France inaugurated audiovisual studios on the Le Soler Campus to develop a sector dedicated to the metaverse industry.\" \/>\n<meta name=\"robots\" content=\"index, follow, max-snippet:-1, max-image-preview:large, max-video-preview:-1\" \/>\n<link rel=\"canonical\" href=\"https:\/\/www.lidemschool.com\/en\/blog\/lidem-france-inaugura-nuevo-campus\/\" \/>\n<meta property=\"og:locale\" content=\"en_US\" \/>\n<meta property=\"og:type\" content=\"article\" \/>\n<meta property=\"og:title\" content=\"L&#039;Idem Barcelona | Jean-Michel Jarre apadrina l&#039;estudios L&#039;Idem France\" \/>\n<meta property=\"og:description\" content=\"L&#039;Idem France inaugurated audiovisual studios on the Le Soler Campus to develop a sector dedicated to the metaverse industry.\" \/>\n<meta property=\"og:url\" content=\"https:\/\/www.lidemschool.com\/en\/blog\/lidem-france-inaugura-nuevo-campus\/\" \/>\n<meta property=\"og:site_name\" content=\"L&#039;Idem Animation School\" \/>\n<meta property=\"article:published_time\" content=\"2021-10-25T09:19:52+00:00\" \/>\n<meta property=\"article:modified_time\" content=\"2023-09-06T14:26:02+00:00\" \/>\n<meta property=\"og:image\" content=\"https:\/\/www.lidemschool.com\/wp-content\/uploads\/2022\/07\/nou_campus.jpeg\" \/>\n\t<meta property=\"og:image:width\" content=\"1200\" \/>\n\t<meta property=\"og:image:height\" content=\"628\" \/>\n\t<meta property=\"og:image:type\" content=\"image\/jpeg\" \/>\n<meta name=\"author\" content=\"Nuria\" \/>\n<meta name=\"twitter:card\" content=\"summary_large_image\" \/>\n<meta name=\"twitter:label1\" content=\"Written by\" \/>\n\t<meta name=\"twitter:data1\" content=\"Nuria\" \/>\n\t<meta name=\"twitter:label2\" content=\"Est. reading time\" \/>\n\t<meta name=\"twitter:data2\" content=\"2 minutes\" \/>\n<script type=\"application\/ld+json\" class=\"yoast-schema-graph\">{\"@context\":\"https:\\\/\\\/schema.org\",\"@graph\":[{\"@type\":\"Article\",\"@id\":\"https:\\\/\\\/www.lidemschool.com\\\/en\\\/blog\\\/lidem-france-inaugura-nuevo-campus\\\/#article\",\"isPartOf\":{\"@id\":\"https:\\\/\\\/www.lidemschool.com\\\/en\\\/blog\\\/lidem-france-inaugura-nuevo-campus\\\/\"},\"author\":{\"name\":\"Nuria\",\"@id\":\"https:\\\/\\\/www.lidemschool.com\\\/en\\\/#\\\/schema\\\/person\\\/e799389631972a78b9cb9ae5ced992d8\"},\"headline\":\"L&#8217;Idem France inaugurates new campus\",\"datePublished\":\"2021-10-25T09:19:52+00:00\",\"dateModified\":\"2023-09-06T14:26:02+00:00\",\"mainEntityOfPage\":{\"@id\":\"https:\\\/\\\/www.lidemschool.com\\\/en\\\/blog\\\/lidem-france-inaugura-nuevo-campus\\\/\"},\"wordCount\":363,\"image\":{\"@id\":\"https:\\\/\\\/www.lidemschool.com\\\/en\\\/blog\\\/lidem-france-inaugura-nuevo-campus\\\/#primaryimage\"},\"thumbnailUrl\":\"https:\\\/\\\/www.lidemschool.com\\\/wp-content\\\/uploads\\\/2022\\\/07\\\/nou_campus.jpeg\",\"keywords\":[\"instalaciones\"],\"articleSection\":[\"News\"],\"inLanguage\":\"en-US\"},{\"@type\":\"WebPage\",\"@id\":\"https:\\\/\\\/www.lidemschool.com\\\/en\\\/blog\\\/lidem-france-inaugura-nuevo-campus\\\/\",\"url\":\"https:\\\/\\\/www.lidemschool.com\\\/en\\\/blog\\\/lidem-france-inaugura-nuevo-campus\\\/\",\"name\":\"L'Idem Barcelona | Jean-Michel Jarre apadrina l'estudios L'Idem France\",\"isPartOf\":{\"@id\":\"https:\\\/\\\/www.lidemschool.com\\\/en\\\/#website\"},\"primaryImageOfPage\":{\"@id\":\"https:\\\/\\\/www.lidemschool.com\\\/en\\\/blog\\\/lidem-france-inaugura-nuevo-campus\\\/#primaryimage\"},\"image\":{\"@id\":\"https:\\\/\\\/www.lidemschool.com\\\/en\\\/blog\\\/lidem-france-inaugura-nuevo-campus\\\/#primaryimage\"},\"thumbnailUrl\":\"https:\\\/\\\/www.lidemschool.com\\\/wp-content\\\/uploads\\\/2022\\\/07\\\/nou_campus.jpeg\",\"datePublished\":\"2021-10-25T09:19:52+00:00\",\"dateModified\":\"2023-09-06T14:26:02+00:00\",\"author\":{\"@id\":\"https:\\\/\\\/www.lidemschool.com\\\/en\\\/#\\\/schema\\\/person\\\/e799389631972a78b9cb9ae5ced992d8\"},\"description\":\"L'Idem France inaugurated audiovisual studios on the Le Soler Campus to develop a sector dedicated to the metaverse industry.\",\"breadcrumb\":{\"@id\":\"https:\\\/\\\/www.lidemschool.com\\\/en\\\/blog\\\/lidem-france-inaugura-nuevo-campus\\\/#breadcrumb\"},\"inLanguage\":\"en-US\",\"potentialAction\":[{\"@type\":\"ReadAction\",\"target\":[\"https:\\\/\\\/www.lidemschool.com\\\/en\\\/blog\\\/lidem-france-inaugura-nuevo-campus\\\/\"]}]},{\"@type\":\"ImageObject\",\"inLanguage\":\"en-US\",\"@id\":\"https:\\\/\\\/www.lidemschool.com\\\/en\\\/blog\\\/lidem-france-inaugura-nuevo-campus\\\/#primaryimage\",\"url\":\"https:\\\/\\\/www.lidemschool.com\\\/wp-content\\\/uploads\\\/2022\\\/07\\\/nou_campus.jpeg\",\"contentUrl\":\"https:\\\/\\\/www.lidemschool.com\\\/wp-content\\\/uploads\\\/2022\\\/07\\\/nou_campus.jpeg\",\"width\":1200,\"height\":628,\"caption\":\"l'idem france inaugura nuevo campus\"},{\"@type\":\"BreadcrumbList\",\"@id\":\"https:\\\/\\\/www.lidemschool.com\\\/en\\\/blog\\\/lidem-france-inaugura-nuevo-campus\\\/#breadcrumb\",\"itemListElement\":[{\"@type\":\"ListItem\",\"position\":1,\"name\":\"Home\",\"item\":\"https:\\\/\\\/www.lidemschool.com\\\/en\\\/\"},{\"@type\":\"ListItem\",\"position\":2,\"name\":\"L&#8217;Idem France inaugurates new campus\"}]},{\"@type\":\"WebSite\",\"@id\":\"https:\\\/\\\/www.lidemschool.com\\\/en\\\/#website\",\"url\":\"https:\\\/\\\/www.lidemschool.com\\\/en\\\/\",\"name\":\"L&#039;Idem Animation School\",\"description\":\"L&#039;Idem Animation School\",\"potentialAction\":[{\"@type\":\"SearchAction\",\"target\":{\"@type\":\"EntryPoint\",\"urlTemplate\":\"https:\\\/\\\/www.lidemschool.com\\\/en\\\/?s={search_term_string}\"},\"query-input\":{\"@type\":\"PropertyValueSpecification\",\"valueRequired\":true,\"valueName\":\"search_term_string\"}}],\"inLanguage\":\"en-US\"},{\"@type\":\"Person\",\"@id\":\"https:\\\/\\\/www.lidemschool.com\\\/en\\\/#\\\/schema\\\/person\\\/e799389631972a78b9cb9ae5ced992d8\",\"name\":\"Nuria\",\"url\":\"https:\\\/\\\/www.lidemschool.com\\\/en\\\/blog\\\/author\\\/kjtbkerqxyy80lgjuijo\\\/\"}]}<\/script>\n<!-- \/ Yoast SEO plugin. -->","yoast_head_json":{"title":"L'Idem Barcelona | Jean-Michel Jarre apadrina l'estudios L'Idem France","description":"L'Idem France inaugurated audiovisual studios on the Le Soler Campus to develop a sector dedicated to the metaverse industry.","robots":{"index":"index","follow":"follow","max-snippet":"max-snippet:-1","max-image-preview":"max-image-preview:large","max-video-preview":"max-video-preview:-1"},"canonical":"https:\/\/www.lidemschool.com\/en\/blog\/lidem-france-inaugura-nuevo-campus\/","og_locale":"en_US","og_type":"article","og_title":"L'Idem Barcelona | Jean-Michel Jarre apadrina l'estudios L'Idem France","og_description":"L'Idem France inaugurated audiovisual studios on the Le Soler Campus to develop a sector dedicated to the metaverse industry.","og_url":"https:\/\/www.lidemschool.com\/en\/blog\/lidem-france-inaugura-nuevo-campus\/","og_site_name":"L&#039;Idem Animation School","article_published_time":"2021-10-25T09:19:52+00:00","article_modified_time":"2023-09-06T14:26:02+00:00","og_image":[{"width":1200,"height":628,"url":"https:\/\/www.lidemschool.com\/wp-content\/uploads\/2022\/07\/nou_campus.jpeg","type":"image\/jpeg"}],"author":"Nuria","twitter_card":"summary_large_image","twitter_misc":{"Written by":"Nuria","Est. reading time":"2 minutes"},"schema":{"@context":"https:\/\/schema.org","@graph":[{"@type":"Article","@id":"https:\/\/www.lidemschool.com\/en\/blog\/lidem-france-inaugura-nuevo-campus\/#article","isPartOf":{"@id":"https:\/\/www.lidemschool.com\/en\/blog\/lidem-france-inaugura-nuevo-campus\/"},"author":{"name":"Nuria","@id":"https:\/\/www.lidemschool.com\/en\/#\/schema\/person\/e799389631972a78b9cb9ae5ced992d8"},"headline":"L&#8217;Idem France inaugurates new campus","datePublished":"2021-10-25T09:19:52+00:00","dateModified":"2023-09-06T14:26:02+00:00","mainEntityOfPage":{"@id":"https:\/\/www.lidemschool.com\/en\/blog\/lidem-france-inaugura-nuevo-campus\/"},"wordCount":363,"image":{"@id":"https:\/\/www.lidemschool.com\/en\/blog\/lidem-france-inaugura-nuevo-campus\/#primaryimage"},"thumbnailUrl":"https:\/\/www.lidemschool.com\/wp-content\/uploads\/2022\/07\/nou_campus.jpeg","keywords":["instalaciones"],"articleSection":["News"],"inLanguage":"en-US"},{"@type":"WebPage","@id":"https:\/\/www.lidemschool.com\/en\/blog\/lidem-france-inaugura-nuevo-campus\/","url":"https:\/\/www.lidemschool.com\/en\/blog\/lidem-france-inaugura-nuevo-campus\/","name":"L'Idem Barcelona | Jean-Michel Jarre apadrina l'estudios L'Idem France","isPartOf":{"@id":"https:\/\/www.lidemschool.com\/en\/#website"},"primaryImageOfPage":{"@id":"https:\/\/www.lidemschool.com\/en\/blog\/lidem-france-inaugura-nuevo-campus\/#primaryimage"},"image":{"@id":"https:\/\/www.lidemschool.com\/en\/blog\/lidem-france-inaugura-nuevo-campus\/#primaryimage"},"thumbnailUrl":"https:\/\/www.lidemschool.com\/wp-content\/uploads\/2022\/07\/nou_campus.jpeg","datePublished":"2021-10-25T09:19:52+00:00","dateModified":"2023-09-06T14:26:02+00:00","author":{"@id":"https:\/\/www.lidemschool.com\/en\/#\/schema\/person\/e799389631972a78b9cb9ae5ced992d8"},"description":"L'Idem France inaugurated audiovisual studios on the Le Soler Campus to develop a sector dedicated to the metaverse industry.","breadcrumb":{"@id":"https:\/\/www.lidemschool.com\/en\/blog\/lidem-france-inaugura-nuevo-campus\/#breadcrumb"},"inLanguage":"en-US","potentialAction":[{"@type":"ReadAction","target":["https:\/\/www.lidemschool.com\/en\/blog\/lidem-france-inaugura-nuevo-campus\/"]}]},{"@type":"ImageObject","inLanguage":"en-US","@id":"https:\/\/www.lidemschool.com\/en\/blog\/lidem-france-inaugura-nuevo-campus\/#primaryimage","url":"https:\/\/www.lidemschool.com\/wp-content\/uploads\/2022\/07\/nou_campus.jpeg","contentUrl":"https:\/\/www.lidemschool.com\/wp-content\/uploads\/2022\/07\/nou_campus.jpeg","width":1200,"height":628,"caption":"l'idem france inaugura nuevo campus"},{"@type":"BreadcrumbList","@id":"https:\/\/www.lidemschool.com\/en\/blog\/lidem-france-inaugura-nuevo-campus\/#breadcrumb","itemListElement":[{"@type":"ListItem","position":1,"name":"Home","item":"https:\/\/www.lidemschool.com\/en\/"},{"@type":"ListItem","position":2,"name":"L&#8217;Idem France inaugurates new campus"}]},{"@type":"WebSite","@id":"https:\/\/www.lidemschool.com\/en\/#website","url":"https:\/\/www.lidemschool.com\/en\/","name":"L&#039;Idem Animation School","description":"L&#039;Idem Animation School","potentialAction":[{"@type":"SearchAction","target":{"@type":"EntryPoint","urlTemplate":"https:\/\/www.lidemschool.com\/en\/?s={search_term_string}"},"query-input":{"@type":"PropertyValueSpecification","valueRequired":true,"valueName":"search_term_string"}}],"inLanguage":"en-US"},{"@type":"Person","@id":"https:\/\/www.lidemschool.com\/en\/#\/schema\/person\/e799389631972a78b9cb9ae5ced992d8","name":"Nuria","url":"https:\/\/www.lidemschool.com\/en\/blog\/author\/kjtbkerqxyy80lgjuijo\/"}]}},"_links":{"self":[{"href":"https:\/\/www.lidemschool.com\/en\/wp-json\/wp\/v2\/posts\/19500","targetHints":{"allow":["GET"]}}],"collection":[{"href":"https:\/\/www.lidemschool.com\/en\/wp-json\/wp\/v2\/posts"}],"about":[{"href":"https:\/\/www.lidemschool.com\/en\/wp-json\/wp\/v2\/types\/post"}],"author":[{"embeddable":true,"href":"https:\/\/www.lidemschool.com\/en\/wp-json\/wp\/v2\/users\/7"}],"replies":[{"embeddable":true,"href":"https:\/\/www.lidemschool.com\/en\/wp-json\/wp\/v2\/comments?post=19500"}],"version-history":[{"count":11,"href":"https:\/\/www.lidemschool.com\/en\/wp-json\/wp\/v2\/posts\/19500\/revisions"}],"predecessor-version":[{"id":32532,"href":"https:\/\/www.lidemschool.com\/en\/wp-json\/wp\/v2\/posts\/19500\/revisions\/32532"}],"wp:featuredmedia":[{"embeddable":true,"href":"https:\/\/www.lidemschool.com\/en\/wp-json\/wp\/v2\/media\/19469"}],"wp:attachment":[{"href":"https:\/\/www.lidemschool.com\/en\/wp-json\/wp\/v2\/media?parent=19500"}],"wp:term":[{"taxonomy":"category","embeddable":true,"href":"https:\/\/www.lidemschool.com\/en\/wp-json\/wp\/v2\/categories?post=19500"},{"taxonomy":"post_tag","embeddable":true,"href":"https:\/\/www.lidemschool.com\/en\/wp-json\/wp\/v2\/tags?post=19500"}],"curies":[{"name":"wp","href":"https:\/\/api.w.org\/{rel}","templated":true}]}}