{"id":18920,"date":"2022-05-28T11:15:18","date_gmt":"2022-05-28T11:15:18","guid":{"rendered":"https:\/\/www.lidemschool.com\/?p=17237"},"modified":"2022-05-28T11:15:18","modified_gmt":"2022-05-28T11:15:18","slug":"lidem-france-inaugurates-two-studios-dedicated-to-the-metaverse","status":"publish","type":"post","link":"https:\/\/www.lidemschool.com\/en\/blog\/lidem-france-inaugurates-two-studios-dedicated-to-the-metaverse\/","title":{"rendered":"L&#8217;Idem France inaugurates two studios dedicated to the metaverse"},"content":{"rendered":"<p>[et_pb_section fb_built=&#8221;1&#8243; admin_label=&#8221;section&#8221; _builder_version=&#8221;3.22&#8243; global_colors_info=&#8221;{}&#8221;][et_pb_row admin_label=&#8221;row&#8221; _builder_version=&#8221;3.25&#8243; background_size=&#8221;initial&#8221; background_position=&#8221;top_left&#8221; background_repeat=&#8221;repeat&#8221; global_colors_info=&#8221;{}&#8221;][et_pb_column type=&#8221;4_4&#8243; _builder_version=&#8221;3.25&#8243; custom_padding=&#8221;|||&#8221; global_colors_info=&#8221;{}&#8221; custom_padding__hover=&#8221;|||&#8221;][et_pb_text _builder_version=&#8221;4.14.9&#8243; _module_preset=&#8221;default&#8221; hover_enabled=&#8221;0&#8243; global_colors_info=&#8221;{}&#8221; sticky_enabled=&#8221;0&#8243;]<\/p>\n<p>On 23 May, <a href=\"https:\/\/lidem.eu\/\">L&#8217;Idem France<\/a> inaugurated <strong>two audiovisual studios<\/strong> on the new Le Soler campus with Jean-Michel Jarre, the pioneer of electronic music in France. A musician with more than 85 million records sold, Jarre has been continually reinventing the link between music and technology for decades. &#8220;L&#8217;Idem is a unifying example on the theme of <strong>metaverses<\/strong> or technology with a more cerebral approach to creation and a more intuitive one,&#8221; said the musician and composer, the godfather of the new studios.<\/p>\n<p>[\/et_pb_text][et_pb_text _builder_version=&#8221;4.14.9&#8243; _module_preset=&#8221;default&#8221; global_colors_info=&#8221;{}&#8221;]<\/p>\n<p>Equipped with the <strong>latest technology<\/strong>, these spaces are conceived as a place of creation and collaboration around image, sound and immersion. With these new facilities at the Cit\u00e9 Digitale du Soler, L&#8217;Idem is committed to developing a sector entirely dedicated to the <strong>metaverse industry<\/strong>. In addition, and in partnership with the member companies of the P\u00f4le Action M\u00e9dia de Perpignan, such as the VRrOOm virtual reality company, L&#8217;Idem has created the M\u00e9taLab. A laboratory oriented towards the media and the metaverse. With this project, L&#8217;Idem demonstrates its <strong>connection with technological advances<\/strong> and its attunement to <strong>new trends in the creative industries<\/strong>. In this way, the institution&#8217;s students and professionals will be prepared for the professions of tomorrow.<\/p>\n<p>Students from all campuses of L&#8217;Idem Creative School of Arts can make use of these new facilities.<\/p>\n<p>[\/et_pb_text][\/et_pb_column][\/et_pb_row][\/et_pb_section]<\/p>\n","protected":false},"excerpt":{"rendered":"<p>On 23 May, L&#8217;Idem France inaugurated two audiovisual studios on the new Le Soler campus with Jean-Michel Jarre, the pioneer of electronic music in France. A musician with more than 85 million records sold, Jarre has been continually reinventing the link between music and technology for decades. &#8220;L&#8217;Idem is a unifying example on the theme [&hellip;]<\/p>\n","protected":false},"author":6,"featured_media":18825,"comment_status":"closed","ping_status":"open","sticky":false,"template":"","format":"standard","meta":{"_et_pb_use_builder":"on","_et_pb_old_content":"","_et_gb_content_width":"","content-type":"","inline_featured_image":false,"footnotes":""},"categories":[2,194],"tags":[347,348,349,350,351,352],"class_list":["post-18920","post","type-post","status-publish","format-standard","has-post-thumbnail","hentry","category-uncategorized","category-nouvelles","tag-lidem-france","tag-metaverse","tag-audiovisual-studio","tag-lidem-france-2","tag-metaverse-2","tag-audiovisual-studio-2"],"yoast_head":"<!-- This site is optimized with the Yoast SEO plugin v27.4 - https:\/\/yoast.com\/product\/yoast-seo-wordpress\/ -->\n<title>L&#039;Idem France - L&#039;Idem France inaugurates two audiovisual studios<\/title>\n<meta name=\"description\" content=\"L&#039;Idem France is opening two audiovisual studios on the Le Soler Campus to develop a sector dedicated to the metaverse industry.\" \/>\n<meta name=\"robots\" content=\"index, follow, max-snippet:-1, max-image-preview:large, max-video-preview:-1\" \/>\n<link rel=\"canonical\" href=\"https:\/\/www.lidemschool.com\/en\/blog\/lidem-france-inaugurates-two-studios-dedicated-to-the-metaverse\/\" \/>\n<meta property=\"og:locale\" content=\"en_US\" \/>\n<meta property=\"og:type\" content=\"article\" \/>\n<meta property=\"og:title\" content=\"L&#039;Idem France - L&#039;Idem France inaugurates two audiovisual studios\" \/>\n<meta property=\"og:description\" content=\"L&#039;Idem France is opening two audiovisual studios on the Le Soler Campus to develop a sector dedicated to the metaverse industry.\" \/>\n<meta property=\"og:url\" content=\"https:\/\/www.lidemschool.com\/en\/blog\/lidem-france-inaugurates-two-studios-dedicated-to-the-metaverse\/\" \/>\n<meta property=\"og:site_name\" content=\"L&#039;Idem Animation School\" \/>\n<meta property=\"article:published_time\" content=\"2022-05-28T11:15:18+00:00\" \/>\n<meta property=\"og:image\" content=\"https:\/\/www.lidemschool.com\/wp-content\/uploads\/2022\/05\/MicrosoftTeams-image.jpg\" \/>\n\t<meta property=\"og:image:width\" content=\"1200\" \/>\n\t<meta property=\"og:image:height\" content=\"630\" \/>\n\t<meta property=\"og:image:type\" content=\"image\/jpeg\" \/>\n<meta name=\"author\" content=\"Maria\" \/>\n<meta name=\"twitter:card\" content=\"summary_large_image\" \/>\n<meta name=\"twitter:label1\" content=\"Written by\" \/>\n\t<meta name=\"twitter:data1\" content=\"Maria\" \/>\n\t<meta name=\"twitter:label2\" content=\"Est. reading time\" \/>\n\t<meta name=\"twitter:data2\" content=\"2 minutes\" \/>\n<script type=\"application\/ld+json\" class=\"yoast-schema-graph\">{\"@context\":\"https:\\\/\\\/schema.org\",\"@graph\":[{\"@type\":\"Article\",\"@id\":\"https:\\\/\\\/www.lidemschool.com\\\/en\\\/blog\\\/lidem-france-inaugurates-two-studios-dedicated-to-the-metaverse\\\/#article\",\"isPartOf\":{\"@id\":\"https:\\\/\\\/www.lidemschool.com\\\/en\\\/blog\\\/lidem-france-inaugurates-two-studios-dedicated-to-the-metaverse\\\/\"},\"author\":{\"name\":\"Maria\",\"@id\":\"https:\\\/\\\/www.lidemschool.com\\\/en\\\/#\\\/schema\\\/person\\\/eb7be502025159826cd6f644693f38d5\"},\"headline\":\"L&#8217;Idem France inaugurates two studios dedicated to the metaverse\",\"datePublished\":\"2022-05-28T11:15:18+00:00\",\"mainEntityOfPage\":{\"@id\":\"https:\\\/\\\/www.lidemschool.com\\\/en\\\/blog\\\/lidem-france-inaugurates-two-studios-dedicated-to-the-metaverse\\\/\"},\"wordCount\":323,\"image\":{\"@id\":\"https:\\\/\\\/www.lidemschool.com\\\/en\\\/blog\\\/lidem-france-inaugurates-two-studios-dedicated-to-the-metaverse\\\/#primaryimage\"},\"thumbnailUrl\":\"https:\\\/\\\/www.lidemschool.com\\\/wp-content\\\/uploads\\\/2022\\\/05\\\/MicrosoftTeams-image.jpg\",\"keywords\":[\"l'idem france\",\"metaverse\",\"audiovisual studio\",\"l'idem france\",\"metaverse\",\"audiovisual studio\"],\"articleSection\":{\"1\":\"Nouvelles\"},\"inLanguage\":\"en-US\"},{\"@type\":\"WebPage\",\"@id\":\"https:\\\/\\\/www.lidemschool.com\\\/en\\\/blog\\\/lidem-france-inaugurates-two-studios-dedicated-to-the-metaverse\\\/\",\"url\":\"https:\\\/\\\/www.lidemschool.com\\\/en\\\/blog\\\/lidem-france-inaugurates-two-studios-dedicated-to-the-metaverse\\\/\",\"name\":\"L'Idem France - L'Idem France inaugurates two audiovisual studios\",\"isPartOf\":{\"@id\":\"https:\\\/\\\/www.lidemschool.com\\\/en\\\/#website\"},\"primaryImageOfPage\":{\"@id\":\"https:\\\/\\\/www.lidemschool.com\\\/en\\\/blog\\\/lidem-france-inaugurates-two-studios-dedicated-to-the-metaverse\\\/#primaryimage\"},\"image\":{\"@id\":\"https:\\\/\\\/www.lidemschool.com\\\/en\\\/blog\\\/lidem-france-inaugurates-two-studios-dedicated-to-the-metaverse\\\/#primaryimage\"},\"thumbnailUrl\":\"https:\\\/\\\/www.lidemschool.com\\\/wp-content\\\/uploads\\\/2022\\\/05\\\/MicrosoftTeams-image.jpg\",\"datePublished\":\"2022-05-28T11:15:18+00:00\",\"author\":{\"@id\":\"https:\\\/\\\/www.lidemschool.com\\\/en\\\/#\\\/schema\\\/person\\\/eb7be502025159826cd6f644693f38d5\"},\"description\":\"L'Idem France is opening two audiovisual studios on the Le Soler Campus to develop a sector dedicated to the metaverse industry.\",\"breadcrumb\":{\"@id\":\"https:\\\/\\\/www.lidemschool.com\\\/en\\\/blog\\\/lidem-france-inaugurates-two-studios-dedicated-to-the-metaverse\\\/#breadcrumb\"},\"inLanguage\":\"en-US\",\"potentialAction\":[{\"@type\":\"ReadAction\",\"target\":[\"https:\\\/\\\/www.lidemschool.com\\\/en\\\/blog\\\/lidem-france-inaugurates-two-studios-dedicated-to-the-metaverse\\\/\"]}]},{\"@type\":\"ImageObject\",\"inLanguage\":\"en-US\",\"@id\":\"https:\\\/\\\/www.lidemschool.com\\\/en\\\/blog\\\/lidem-france-inaugurates-two-studios-dedicated-to-the-metaverse\\\/#primaryimage\",\"url\":\"https:\\\/\\\/www.lidemschool.com\\\/wp-content\\\/uploads\\\/2022\\\/05\\\/MicrosoftTeams-image.jpg\",\"contentUrl\":\"https:\\\/\\\/www.lidemschool.com\\\/wp-content\\\/uploads\\\/2022\\\/05\\\/MicrosoftTeams-image.jpg\",\"width\":1200,\"height\":630},{\"@type\":\"BreadcrumbList\",\"@id\":\"https:\\\/\\\/www.lidemschool.com\\\/en\\\/blog\\\/lidem-france-inaugurates-two-studios-dedicated-to-the-metaverse\\\/#breadcrumb\",\"itemListElement\":[{\"@type\":\"ListItem\",\"position\":1,\"name\":\"Home\",\"item\":\"https:\\\/\\\/www.lidemschool.com\\\/en\\\/\"},{\"@type\":\"ListItem\",\"position\":2,\"name\":\"L&#8217;Idem France inaugurates two studios dedicated to the metaverse\"}]},{\"@type\":\"WebSite\",\"@id\":\"https:\\\/\\\/www.lidemschool.com\\\/en\\\/#website\",\"url\":\"https:\\\/\\\/www.lidemschool.com\\\/en\\\/\",\"name\":\"L&#039;Idem Animation School\",\"description\":\"L&#039;Idem Animation School\",\"potentialAction\":[{\"@type\":\"SearchAction\",\"target\":{\"@type\":\"EntryPoint\",\"urlTemplate\":\"https:\\\/\\\/www.lidemschool.com\\\/en\\\/?s={search_term_string}\"},\"query-input\":{\"@type\":\"PropertyValueSpecification\",\"valueRequired\":true,\"valueName\":\"search_term_string\"}}],\"inLanguage\":\"en-US\"},{\"@type\":\"Person\",\"@id\":\"https:\\\/\\\/www.lidemschool.com\\\/en\\\/#\\\/schema\\\/person\\\/eb7be502025159826cd6f644693f38d5\",\"name\":\"Maria\",\"url\":\"https:\\\/\\\/www.lidemschool.com\\\/en\\\/blog\\\/author\\\/qxrlu5hswn5lbx8lg6wm\\\/\"}]}<\/script>\n<!-- \/ Yoast SEO plugin. -->","yoast_head_json":{"title":"L'Idem France - L'Idem France inaugurates two audiovisual studios","description":"L'Idem France is opening two audiovisual studios on the Le Soler Campus to develop a sector dedicated to the metaverse industry.","robots":{"index":"index","follow":"follow","max-snippet":"max-snippet:-1","max-image-preview":"max-image-preview:large","max-video-preview":"max-video-preview:-1"},"canonical":"https:\/\/www.lidemschool.com\/en\/blog\/lidem-france-inaugurates-two-studios-dedicated-to-the-metaverse\/","og_locale":"en_US","og_type":"article","og_title":"L'Idem France - L'Idem France inaugurates two audiovisual studios","og_description":"L'Idem France is opening two audiovisual studios on the Le Soler Campus to develop a sector dedicated to the metaverse industry.","og_url":"https:\/\/www.lidemschool.com\/en\/blog\/lidem-france-inaugurates-two-studios-dedicated-to-the-metaverse\/","og_site_name":"L&#039;Idem Animation School","article_published_time":"2022-05-28T11:15:18+00:00","og_image":[{"width":1200,"height":630,"url":"https:\/\/www.lidemschool.com\/wp-content\/uploads\/2022\/05\/MicrosoftTeams-image.jpg","type":"image\/jpeg"}],"author":"Maria","twitter_card":"summary_large_image","twitter_misc":{"Written by":"Maria","Est. reading time":"2 minutes"},"schema":{"@context":"https:\/\/schema.org","@graph":[{"@type":"Article","@id":"https:\/\/www.lidemschool.com\/en\/blog\/lidem-france-inaugurates-two-studios-dedicated-to-the-metaverse\/#article","isPartOf":{"@id":"https:\/\/www.lidemschool.com\/en\/blog\/lidem-france-inaugurates-two-studios-dedicated-to-the-metaverse\/"},"author":{"name":"Maria","@id":"https:\/\/www.lidemschool.com\/en\/#\/schema\/person\/eb7be502025159826cd6f644693f38d5"},"headline":"L&#8217;Idem France inaugurates two studios dedicated to the metaverse","datePublished":"2022-05-28T11:15:18+00:00","mainEntityOfPage":{"@id":"https:\/\/www.lidemschool.com\/en\/blog\/lidem-france-inaugurates-two-studios-dedicated-to-the-metaverse\/"},"wordCount":323,"image":{"@id":"https:\/\/www.lidemschool.com\/en\/blog\/lidem-france-inaugurates-two-studios-dedicated-to-the-metaverse\/#primaryimage"},"thumbnailUrl":"https:\/\/www.lidemschool.com\/wp-content\/uploads\/2022\/05\/MicrosoftTeams-image.jpg","keywords":["l'idem france","metaverse","audiovisual studio","l'idem france","metaverse","audiovisual studio"],"articleSection":{"1":"Nouvelles"},"inLanguage":"en-US"},{"@type":"WebPage","@id":"https:\/\/www.lidemschool.com\/en\/blog\/lidem-france-inaugurates-two-studios-dedicated-to-the-metaverse\/","url":"https:\/\/www.lidemschool.com\/en\/blog\/lidem-france-inaugurates-two-studios-dedicated-to-the-metaverse\/","name":"L'Idem France - L'Idem France inaugurates two audiovisual studios","isPartOf":{"@id":"https:\/\/www.lidemschool.com\/en\/#website"},"primaryImageOfPage":{"@id":"https:\/\/www.lidemschool.com\/en\/blog\/lidem-france-inaugurates-two-studios-dedicated-to-the-metaverse\/#primaryimage"},"image":{"@id":"https:\/\/www.lidemschool.com\/en\/blog\/lidem-france-inaugurates-two-studios-dedicated-to-the-metaverse\/#primaryimage"},"thumbnailUrl":"https:\/\/www.lidemschool.com\/wp-content\/uploads\/2022\/05\/MicrosoftTeams-image.jpg","datePublished":"2022-05-28T11:15:18+00:00","author":{"@id":"https:\/\/www.lidemschool.com\/en\/#\/schema\/person\/eb7be502025159826cd6f644693f38d5"},"description":"L'Idem France is opening two audiovisual studios on the Le Soler Campus to develop a sector dedicated to the metaverse industry.","breadcrumb":{"@id":"https:\/\/www.lidemschool.com\/en\/blog\/lidem-france-inaugurates-two-studios-dedicated-to-the-metaverse\/#breadcrumb"},"inLanguage":"en-US","potentialAction":[{"@type":"ReadAction","target":["https:\/\/www.lidemschool.com\/en\/blog\/lidem-france-inaugurates-two-studios-dedicated-to-the-metaverse\/"]}]},{"@type":"ImageObject","inLanguage":"en-US","@id":"https:\/\/www.lidemschool.com\/en\/blog\/lidem-france-inaugurates-two-studios-dedicated-to-the-metaverse\/#primaryimage","url":"https:\/\/www.lidemschool.com\/wp-content\/uploads\/2022\/05\/MicrosoftTeams-image.jpg","contentUrl":"https:\/\/www.lidemschool.com\/wp-content\/uploads\/2022\/05\/MicrosoftTeams-image.jpg","width":1200,"height":630},{"@type":"BreadcrumbList","@id":"https:\/\/www.lidemschool.com\/en\/blog\/lidem-france-inaugurates-two-studios-dedicated-to-the-metaverse\/#breadcrumb","itemListElement":[{"@type":"ListItem","position":1,"name":"Home","item":"https:\/\/www.lidemschool.com\/en\/"},{"@type":"ListItem","position":2,"name":"L&#8217;Idem France inaugurates two studios dedicated to the metaverse"}]},{"@type":"WebSite","@id":"https:\/\/www.lidemschool.com\/en\/#website","url":"https:\/\/www.lidemschool.com\/en\/","name":"L&#039;Idem Animation School","description":"L&#039;Idem Animation School","potentialAction":[{"@type":"SearchAction","target":{"@type":"EntryPoint","urlTemplate":"https:\/\/www.lidemschool.com\/en\/?s={search_term_string}"},"query-input":{"@type":"PropertyValueSpecification","valueRequired":true,"valueName":"search_term_string"}}],"inLanguage":"en-US"},{"@type":"Person","@id":"https:\/\/www.lidemschool.com\/en\/#\/schema\/person\/eb7be502025159826cd6f644693f38d5","name":"Maria","url":"https:\/\/www.lidemschool.com\/en\/blog\/author\/qxrlu5hswn5lbx8lg6wm\/"}]}},"_links":{"self":[{"href":"https:\/\/www.lidemschool.com\/en\/wp-json\/wp\/v2\/posts\/18920","targetHints":{"allow":["GET"]}}],"collection":[{"href":"https:\/\/www.lidemschool.com\/en\/wp-json\/wp\/v2\/posts"}],"about":[{"href":"https:\/\/www.lidemschool.com\/en\/wp-json\/wp\/v2\/types\/post"}],"author":[{"embeddable":true,"href":"https:\/\/www.lidemschool.com\/en\/wp-json\/wp\/v2\/users\/6"}],"replies":[{"embeddable":true,"href":"https:\/\/www.lidemschool.com\/en\/wp-json\/wp\/v2\/comments?post=18920"}],"version-history":[{"count":0,"href":"https:\/\/www.lidemschool.com\/en\/wp-json\/wp\/v2\/posts\/18920\/revisions"}],"wp:featuredmedia":[{"embeddable":true,"href":"https:\/\/www.lidemschool.com\/en\/wp-json\/wp\/v2\/media\/18825"}],"wp:attachment":[{"href":"https:\/\/www.lidemschool.com\/en\/wp-json\/wp\/v2\/media?parent=18920"}],"wp:term":[{"taxonomy":"category","embeddable":true,"href":"https:\/\/www.lidemschool.com\/en\/wp-json\/wp\/v2\/categories?post=18920"},{"taxonomy":"post_tag","embeddable":true,"href":"https:\/\/www.lidemschool.com\/en\/wp-json\/wp\/v2\/tags?post=18920"}],"curies":[{"name":"wp","href":"https:\/\/api.w.org\/{rel}","templated":true}]}}