{"id":33755,"date":"2023-12-10T18:26:03","date_gmt":"2023-12-10T18:26:03","guid":{"rendered":"https:\/\/www.lidemschool.com\/blog\/raul-garcia-presenta-el-seu-llibre-manual-de-lartista-de-storyboard-a-lidem-barcelona\/"},"modified":"2023-12-10T18:26:03","modified_gmt":"2023-12-10T18:26:03","slug":"raul-garcia-presenta-el-seu-llibre-manual-de-lartista-de-storyboard-a-lidem-barcelona","status":"publish","type":"post","link":"https:\/\/www.lidemschool.com\/ca\/bloc\/raul-garcia-presenta-libro-manual-artista-storyboard\/","title":{"rendered":"Ra\u00fal Garc\u00eda presenta el seu llibre &#8216;Manual de l&#8217;artista de Storyboard&#8217; a L&#8217;Idem Barcelona"},"content":{"rendered":"<p><strong>Ra\u00fal Garc\u00eda<\/strong>, animador i director d&#8217;animaci\u00f3. Realment porto a l&#8217;animaci\u00f3 m\u00e9s de 35 anys. Durant 10 anys vaig estar treballant com a animador a Disney i despr\u00e9s va passar a ser director de seq\u00fc\u00e8ncia i director d&#8217;animaci\u00f3 en diferents projectes internacionals.<\/p>\n<p>El passat 24 d&#8217;octubre, <ahref=\"https:\/\/www.lidemschool.com\/blog\/el-animador-raul-garcia-visita-lidem-barcelona\/\" target=\"_blank\" rel=\"noopener\"><strong >Ra\u00fal Garc\u00eda<\/strong><\/a> va presentar el seu llibre &#8216;Manual de l&#8217;artista de Storyboard&#8217;, una publicaci\u00f3 que pret\u00e9n convertir-se en un manual de refer\u00e8ncia dins del panorama editorial educatiu de l&#8217;audiovisual en espanyol. A la presentaci\u00f3 ens va parlar de la import\u00e0ncia de l&#8217;storyboard dins de l&#8217;animaci\u00f3, i tamb\u00e9 vam voler parlar sobre la figura de l&#8217;storyboard artist i el seu llibre.<\/p>\n<p><strong>Qu\u00e8 ha representat per a tu treballar a Disney?<\/strong><\/p>\n<p>Per mi va ser com un somni d&#8217;inf\u00e0ncia. Sempre he respectat i m&#8217;ha agradat molt Disney i \u00e9s realment l&#8217;est\u00e0ndard del que \u00e9s animaci\u00f3. Ser el primer espanyol a treballar a Disney va ser una responsabilitat for\u00e7a gran per\u00f2 tamb\u00e9 fer el somni d&#8217;un nen.<\/p>\n<p><strong>Quina \u00e9s la funci\u00f3 de l&#8217;storyboard artist dins de l&#8217;animaci\u00f3?<\/strong><\/p>\n<p>\u00c9s l&#8217;esquelet sobre el qual es construeix una narraci\u00f3 de cinema i animaci\u00f3. Igual que en imatge real, la pel\u00b7l\u00edcula es construeix a la sala de muntatge. En animaci\u00f3, la pel\u00b7l\u00edcula es construeix en aquesta fase: a l&#8217;storyboard.<\/p>\n<p>Nosaltres d&#8217;alguna manera muntem la pel\u00b7l\u00edcula mentre fem el storyboard. S\u00f3n els fonaments sobre els quals construirem la hist\u00f2ria que volem explicar.<\/p>\n<p><img decoding=\"async\" class=\"aligncenter wp-image-33750 size-large\" src=\"https:\/\/www.lidemschool.com\/wp-content\/uploads\/2023\/12\/raulgarcia_web_2-1024x1024.jpg\" alt=\"raulgarcia_web_2\" =\"1024\" height=\"1024\" srcset=\"https:\/\/www.lidemschool.com\/wp-content\/uploads\/2023\/12\/raulgarcia_web_2-1024x1024.jpg 1024w, https:\/\/www.lidemschool.com\/wp-content\/uploads\/2023\/12\/raulgarcia_web_2-980x980.jpg 980w, https:\/\/www.lidemschool.com\/wp-content\/uploads\/2023\/12\/raulgarcia_web_2-480x480.jpg 480w\" sizes=\"(min-width: 0px) and (max-width: 480px) 480px, (min-width: 481px) and (max-width: 980px) 980px, (min-width: 981px) 1024px, 100vw\" \/><\/p>\n<p><strong>Quina finalitat t\u00e9 aquest &#8216;Manual de l&#8217;artista de Storyboard&#8217;?<\/strong><\/p>\n<p>L&#8217;objectiu del Manuel del storyboard artista \u00e9s, principalment, contestar totes aquestes preguntes, que els estudiants es fan quan pensen qu\u00e8 \u00e9s un storyboard i si vol ser-ho. Aleshores, \u00e9s una mica el resultat d&#8217;anys de fer classe i de trobar-se els dubtes que, any rere any, tots els estudiants tenen. I, d&#8217;alguna manera, intentar treure foc a la feina de fer cinema d&#8217;animaci\u00f3 que \u00e9s una cosa inabastable i car\u00edssima. Tamb\u00e9 sempre comen\u00e7a amb aquest pas que \u00e9s el m\u00e9s senzill del m\u00f3n perqu\u00e8 nom\u00e9s necessites paper i llapis.<\/p>\n<p><strong>Qu\u00e8 trobareu el lector en aquest manual?<\/strong><\/p>\n<p>Crec que aquest llibre donar\u00e0 respostes al que passa darrere de cada projecte. El storyboard n&#8217;\u00e9s part integral, perqu\u00e8 d&#8217;alguna manera est\u00e0s visualitzant all\u00f2 que es vol explicar. Ja no \u00e9s una cosa que sigui per a imatge real, o perqu\u00e8 sigui per a animaci\u00f3, tamb\u00e9 engloba per a musicals, videojocs o, fins i tot, grans espectacles com concerts o inauguraci\u00f3 dels Jocs Ol\u00edmpics compten d&#8217;alguna manera amb un storyboard artista per crear aquest flux visual de imatges que despr\u00e9s es veuran reflectits a la pantalla.<\/p>\n<p><strong>Quin consell donaries als futurs estudiants d&#8217;animaci\u00f3 de L\u2019idem que es vulguin dedicar al m\u00f3n de l&#8217;storyboard en animaci\u00f3?<\/strong><\/p>\n<p>Aix\u00f2 \u00e9s un treball passional. Fas dibuixos animats perqu\u00e8 t&#8217;agrada. Aleshores, estem en una cosa que \u00e9s un <em>spring<\/em>. No cal arribar sempre el primer, sin\u00f3 que \u00e9s q\u00fcesti\u00f3 de mantenir-se cont\u00ednuament, aprenent. Si hi ha un factor passional, estimar el que fa i crec que aix\u00f2 es transmet no nom\u00e9s a l&#8217;hora d&#8217;animar sin\u00f3 a l&#8217;hora de fer qualsevol projecte.<\/p>\n<h3><strong>Vols dedicar-te al m\u00f3n de l&#8217;animaci\u00f3?<\/strong><\/h3>\n<p>L&#8217;Idem \u00e9s una <strong>plataforma per a nous talents de l&#8217;Animaci\u00f3<\/strong> que, des de fa anys, forma els millors professionals del sector. L&#8217;escola ofereix programes de<a href=\"https:\/\/www.lidemschool.com\/estudios-superiores\/animacion-2d-3d-y-videojuegos\/\" target=\"_blank\" rel=\"noopener\">Animaci\u00f3 2D\/3D i Videojocs<\/a> e <a href=\"https:\/\/www.lidemschool.com\/international-master\/animacion-2d-3d\/\" target=\"_blank\" rel=\"noopener\">International Master Animaci\u00f3 2D\/3D <\/a> que busquen dotar l&#8217;estudiant d&#8217;eines que li permetin integrar-se amb \u00e8xit al m\u00f3n laboral.<\/p>\n","protected":false},"excerpt":{"rendered":"<p>Ra\u00fal Garc\u00eda, animador i director d&#8217;animaci\u00f3. Realment porto a l&#8217;animaci\u00f3 m\u00e9s de 35 anys. Durant 10 anys vaig estar treballant com a animador a Disney i despr\u00e9s va passar a ser director de seq\u00fc\u00e8ncia i director d&#8217;animaci\u00f3 en diferents projectes internacionals. El passat 24 d&#8217;octubre, Ra\u00fal Garc\u00eda va presentar el seu llibre &#8216;Manual de l&#8217;artista [&hellip;]<\/p>\n","protected":false},"author":7,"featured_media":33745,"comment_status":"closed","ping_status":"open","sticky":false,"template":"","format":"standard","meta":{"_et_pb_use_builder":"","_et_pb_old_content":"","_et_gb_content_width":"","content-type":"","inline_featured_image":false,"footnotes":""},"categories":[180],"tags":[451,886],"class_list":["post-33755","post","type-post","status-publish","format-standard","has-post-thumbnail","hentry","category-animacio","tag-animacion-2-ca","tag-storyboard-ca-2"],"yoast_head":"<!-- This site is optimized with the Yoast SEO plugin v27.4 - https:\/\/yoast.com\/product\/yoast-seo-wordpress\/ -->\n<title>Ra\u00fal Garc\u00eda presenta el llibre &#039;Manual de l&#039;artista de Storyboard&#039;<\/title>\n<meta name=\"description\" content=\"Ra\u00fal Garc\u00eda, animador i director d&#039;animaci\u00f3, va presentar el llibre &#039;Manual de l&#039;artista de storyboard&#039; a L&#039;Idem Barcelona.\" \/>\n<meta name=\"robots\" content=\"index, follow, max-snippet:-1, max-image-preview:large, max-video-preview:-1\" \/>\n<link rel=\"canonical\" href=\"https:\/\/www.lidemschool.com\/ca\/bloc\/raul-garcia-presenta-libro-manual-artista-storyboard\/\" \/>\n<meta property=\"og:locale\" content=\"ca_ES\" \/>\n<meta property=\"og:type\" content=\"article\" \/>\n<meta property=\"og:title\" content=\"Ra\u00fal Garc\u00eda presenta el llibre &#039;Manual de l&#039;artista de Storyboard&#039;\" \/>\n<meta property=\"og:description\" content=\"Ra\u00fal Garc\u00eda, animador i director d&#039;animaci\u00f3, va presentar el llibre &#039;Manual de l&#039;artista de storyboard&#039; a L&#039;Idem Barcelona.\" \/>\n<meta property=\"og:url\" content=\"https:\/\/www.lidemschool.com\/ca\/bloc\/raul-garcia-presenta-libro-manual-artista-storyboard\/\" \/>\n<meta property=\"og:site_name\" content=\"L&#039;Idem Animation School\" \/>\n<meta property=\"article:published_time\" content=\"2023-12-10T18:26:03+00:00\" \/>\n<meta property=\"og:image\" content=\"https:\/\/www.lidemschool.com\/wp-content\/uploads\/2023\/12\/raulgarcia_web.jpg\" \/>\n\t<meta property=\"og:image:width\" content=\"2240\" \/>\n\t<meta property=\"og:image:height\" content=\"1260\" \/>\n\t<meta property=\"og:image:type\" content=\"image\/jpeg\" \/>\n<meta name=\"author\" content=\"Nuria\" \/>\n<meta name=\"twitter:card\" content=\"summary_large_image\" \/>\n<meta name=\"twitter:label1\" content=\"Escrit per\" \/>\n\t<meta name=\"twitter:data1\" content=\"Nuria\" \/>\n\t<meta name=\"twitter:label2\" content=\"Temps estimat de lectura\" \/>\n\t<meta name=\"twitter:data2\" content=\"3 minuts\" \/>\n<script type=\"application\/ld+json\" class=\"yoast-schema-graph\">{\"@context\":\"https:\\\/\\\/schema.org\",\"@graph\":[{\"@type\":\"Article\",\"@id\":\"https:\\\/\\\/www.lidemschool.com\\\/ca\\\/bloc\\\/raul-garcia-presenta-libro-manual-artista-storyboard\\\/#article\",\"isPartOf\":{\"@id\":\"https:\\\/\\\/www.lidemschool.com\\\/ca\\\/bloc\\\/raul-garcia-presenta-libro-manual-artista-storyboard\\\/\"},\"author\":{\"name\":\"Nuria\",\"@id\":\"https:\\\/\\\/www.lidemschool.com\\\/ca\\\/#\\\/schema\\\/person\\\/e799389631972a78b9cb9ae5ced992d8\"},\"headline\":\"Ra\u00fal Garc\u00eda presenta el seu llibre &#8216;Manual de l&#8217;artista de Storyboard&#8217; a L&#8217;Idem Barcelona\",\"datePublished\":\"2023-12-10T18:26:03+00:00\",\"mainEntityOfPage\":{\"@id\":\"https:\\\/\\\/www.lidemschool.com\\\/ca\\\/bloc\\\/raul-garcia-presenta-libro-manual-artista-storyboard\\\/\"},\"wordCount\":644,\"image\":{\"@id\":\"https:\\\/\\\/www.lidemschool.com\\\/ca\\\/bloc\\\/raul-garcia-presenta-libro-manual-artista-storyboard\\\/#primaryimage\"},\"thumbnailUrl\":\"https:\\\/\\\/www.lidemschool.com\\\/wp-content\\\/uploads\\\/2023\\\/12\\\/raulgarcia_web.jpg\",\"keywords\":[\"animaci\u00f3n\",\"storyboard\"],\"articleSection\":[\"Animaci\u00f3\"],\"inLanguage\":\"ca\"},{\"@type\":\"WebPage\",\"@id\":\"https:\\\/\\\/www.lidemschool.com\\\/ca\\\/bloc\\\/raul-garcia-presenta-libro-manual-artista-storyboard\\\/\",\"url\":\"https:\\\/\\\/www.lidemschool.com\\\/ca\\\/bloc\\\/raul-garcia-presenta-libro-manual-artista-storyboard\\\/\",\"name\":\"Ra\u00fal Garc\u00eda presenta el llibre 'Manual de l'artista de Storyboard'\",\"isPartOf\":{\"@id\":\"https:\\\/\\\/www.lidemschool.com\\\/ca\\\/#website\"},\"primaryImageOfPage\":{\"@id\":\"https:\\\/\\\/www.lidemschool.com\\\/ca\\\/bloc\\\/raul-garcia-presenta-libro-manual-artista-storyboard\\\/#primaryimage\"},\"image\":{\"@id\":\"https:\\\/\\\/www.lidemschool.com\\\/ca\\\/bloc\\\/raul-garcia-presenta-libro-manual-artista-storyboard\\\/#primaryimage\"},\"thumbnailUrl\":\"https:\\\/\\\/www.lidemschool.com\\\/wp-content\\\/uploads\\\/2023\\\/12\\\/raulgarcia_web.jpg\",\"datePublished\":\"2023-12-10T18:26:03+00:00\",\"author\":{\"@id\":\"https:\\\/\\\/www.lidemschool.com\\\/ca\\\/#\\\/schema\\\/person\\\/e799389631972a78b9cb9ae5ced992d8\"},\"description\":\"Ra\u00fal Garc\u00eda, animador i director d'animaci\u00f3, va presentar el llibre 'Manual de l'artista de storyboard' a L'Idem Barcelona.\",\"breadcrumb\":{\"@id\":\"https:\\\/\\\/www.lidemschool.com\\\/ca\\\/bloc\\\/raul-garcia-presenta-libro-manual-artista-storyboard\\\/#breadcrumb\"},\"inLanguage\":\"ca\",\"potentialAction\":[{\"@type\":\"ReadAction\",\"target\":[\"https:\\\/\\\/www.lidemschool.com\\\/ca\\\/bloc\\\/raul-garcia-presenta-libro-manual-artista-storyboard\\\/\"]}]},{\"@type\":\"ImageObject\",\"inLanguage\":\"ca\",\"@id\":\"https:\\\/\\\/www.lidemschool.com\\\/ca\\\/bloc\\\/raul-garcia-presenta-libro-manual-artista-storyboard\\\/#primaryimage\",\"url\":\"https:\\\/\\\/www.lidemschool.com\\\/wp-content\\\/uploads\\\/2023\\\/12\\\/raulgarcia_web.jpg\",\"contentUrl\":\"https:\\\/\\\/www.lidemschool.com\\\/wp-content\\\/uploads\\\/2023\\\/12\\\/raulgarcia_web.jpg\",\"width\":2240,\"height\":1260,\"caption\":\"raulgarcia_web\"},{\"@type\":\"BreadcrumbList\",\"@id\":\"https:\\\/\\\/www.lidemschool.com\\\/ca\\\/bloc\\\/raul-garcia-presenta-libro-manual-artista-storyboard\\\/#breadcrumb\",\"itemListElement\":[{\"@type\":\"ListItem\",\"position\":1,\"name\":\"Home\",\"item\":\"https:\\\/\\\/www.lidemschool.com\\\/ca\\\/home-2\\\/\"},{\"@type\":\"ListItem\",\"position\":2,\"name\":\"Ra\u00fal Garc\u00eda presenta el seu llibre &#8216;Manual de l&#8217;artista de Storyboard&#8217; a L&#8217;Idem Barcelona\"}]},{\"@type\":\"WebSite\",\"@id\":\"https:\\\/\\\/www.lidemschool.com\\\/ca\\\/#website\",\"url\":\"https:\\\/\\\/www.lidemschool.com\\\/ca\\\/\",\"name\":\"L&#039;Idem Animation School\",\"description\":\"L&#039;Idem Animation School\",\"potentialAction\":[{\"@type\":\"SearchAction\",\"target\":{\"@type\":\"EntryPoint\",\"urlTemplate\":\"https:\\\/\\\/www.lidemschool.com\\\/ca\\\/?s={search_term_string}\"},\"query-input\":{\"@type\":\"PropertyValueSpecification\",\"valueRequired\":true,\"valueName\":\"search_term_string\"}}],\"inLanguage\":\"ca\"},{\"@type\":\"Person\",\"@id\":\"https:\\\/\\\/www.lidemschool.com\\\/ca\\\/#\\\/schema\\\/person\\\/e799389631972a78b9cb9ae5ced992d8\",\"name\":\"Nuria\",\"url\":\"https:\\\/\\\/www.lidemschool.com\\\/ca\\\/blog\\\/author\\\/kjtbkerqxyy80lgjuijo\\\/\"}]}<\/script>\n<!-- \/ Yoast SEO plugin. -->","yoast_head_json":{"title":"Ra\u00fal Garc\u00eda presenta el llibre 'Manual de l'artista de Storyboard'","description":"Ra\u00fal Garc\u00eda, animador i director d'animaci\u00f3, va presentar el llibre 'Manual de l'artista de storyboard' a L'Idem Barcelona.","robots":{"index":"index","follow":"follow","max-snippet":"max-snippet:-1","max-image-preview":"max-image-preview:large","max-video-preview":"max-video-preview:-1"},"canonical":"https:\/\/www.lidemschool.com\/ca\/bloc\/raul-garcia-presenta-libro-manual-artista-storyboard\/","og_locale":"ca_ES","og_type":"article","og_title":"Ra\u00fal Garc\u00eda presenta el llibre 'Manual de l'artista de Storyboard'","og_description":"Ra\u00fal Garc\u00eda, animador i director d'animaci\u00f3, va presentar el llibre 'Manual de l'artista de storyboard' a L'Idem Barcelona.","og_url":"https:\/\/www.lidemschool.com\/ca\/bloc\/raul-garcia-presenta-libro-manual-artista-storyboard\/","og_site_name":"L&#039;Idem Animation School","article_published_time":"2023-12-10T18:26:03+00:00","og_image":[{"width":2240,"height":1260,"url":"https:\/\/www.lidemschool.com\/wp-content\/uploads\/2023\/12\/raulgarcia_web.jpg","type":"image\/jpeg"}],"author":"Nuria","twitter_card":"summary_large_image","twitter_misc":{"Escrit per":"Nuria","Temps estimat de lectura":"3 minuts"},"schema":{"@context":"https:\/\/schema.org","@graph":[{"@type":"Article","@id":"https:\/\/www.lidemschool.com\/ca\/bloc\/raul-garcia-presenta-libro-manual-artista-storyboard\/#article","isPartOf":{"@id":"https:\/\/www.lidemschool.com\/ca\/bloc\/raul-garcia-presenta-libro-manual-artista-storyboard\/"},"author":{"name":"Nuria","@id":"https:\/\/www.lidemschool.com\/ca\/#\/schema\/person\/e799389631972a78b9cb9ae5ced992d8"},"headline":"Ra\u00fal Garc\u00eda presenta el seu llibre &#8216;Manual de l&#8217;artista de Storyboard&#8217; a L&#8217;Idem Barcelona","datePublished":"2023-12-10T18:26:03+00:00","mainEntityOfPage":{"@id":"https:\/\/www.lidemschool.com\/ca\/bloc\/raul-garcia-presenta-libro-manual-artista-storyboard\/"},"wordCount":644,"image":{"@id":"https:\/\/www.lidemschool.com\/ca\/bloc\/raul-garcia-presenta-libro-manual-artista-storyboard\/#primaryimage"},"thumbnailUrl":"https:\/\/www.lidemschool.com\/wp-content\/uploads\/2023\/12\/raulgarcia_web.jpg","keywords":["animaci\u00f3n","storyboard"],"articleSection":["Animaci\u00f3"],"inLanguage":"ca"},{"@type":"WebPage","@id":"https:\/\/www.lidemschool.com\/ca\/bloc\/raul-garcia-presenta-libro-manual-artista-storyboard\/","url":"https:\/\/www.lidemschool.com\/ca\/bloc\/raul-garcia-presenta-libro-manual-artista-storyboard\/","name":"Ra\u00fal Garc\u00eda presenta el llibre 'Manual de l'artista de Storyboard'","isPartOf":{"@id":"https:\/\/www.lidemschool.com\/ca\/#website"},"primaryImageOfPage":{"@id":"https:\/\/www.lidemschool.com\/ca\/bloc\/raul-garcia-presenta-libro-manual-artista-storyboard\/#primaryimage"},"image":{"@id":"https:\/\/www.lidemschool.com\/ca\/bloc\/raul-garcia-presenta-libro-manual-artista-storyboard\/#primaryimage"},"thumbnailUrl":"https:\/\/www.lidemschool.com\/wp-content\/uploads\/2023\/12\/raulgarcia_web.jpg","datePublished":"2023-12-10T18:26:03+00:00","author":{"@id":"https:\/\/www.lidemschool.com\/ca\/#\/schema\/person\/e799389631972a78b9cb9ae5ced992d8"},"description":"Ra\u00fal Garc\u00eda, animador i director d'animaci\u00f3, va presentar el llibre 'Manual de l'artista de storyboard' a L'Idem Barcelona.","breadcrumb":{"@id":"https:\/\/www.lidemschool.com\/ca\/bloc\/raul-garcia-presenta-libro-manual-artista-storyboard\/#breadcrumb"},"inLanguage":"ca","potentialAction":[{"@type":"ReadAction","target":["https:\/\/www.lidemschool.com\/ca\/bloc\/raul-garcia-presenta-libro-manual-artista-storyboard\/"]}]},{"@type":"ImageObject","inLanguage":"ca","@id":"https:\/\/www.lidemschool.com\/ca\/bloc\/raul-garcia-presenta-libro-manual-artista-storyboard\/#primaryimage","url":"https:\/\/www.lidemschool.com\/wp-content\/uploads\/2023\/12\/raulgarcia_web.jpg","contentUrl":"https:\/\/www.lidemschool.com\/wp-content\/uploads\/2023\/12\/raulgarcia_web.jpg","width":2240,"height":1260,"caption":"raulgarcia_web"},{"@type":"BreadcrumbList","@id":"https:\/\/www.lidemschool.com\/ca\/bloc\/raul-garcia-presenta-libro-manual-artista-storyboard\/#breadcrumb","itemListElement":[{"@type":"ListItem","position":1,"name":"Home","item":"https:\/\/www.lidemschool.com\/ca\/home-2\/"},{"@type":"ListItem","position":2,"name":"Ra\u00fal Garc\u00eda presenta el seu llibre &#8216;Manual de l&#8217;artista de Storyboard&#8217; a L&#8217;Idem Barcelona"}]},{"@type":"WebSite","@id":"https:\/\/www.lidemschool.com\/ca\/#website","url":"https:\/\/www.lidemschool.com\/ca\/","name":"L&#039;Idem Animation School","description":"L&#039;Idem Animation School","potentialAction":[{"@type":"SearchAction","target":{"@type":"EntryPoint","urlTemplate":"https:\/\/www.lidemschool.com\/ca\/?s={search_term_string}"},"query-input":{"@type":"PropertyValueSpecification","valueRequired":true,"valueName":"search_term_string"}}],"inLanguage":"ca"},{"@type":"Person","@id":"https:\/\/www.lidemschool.com\/ca\/#\/schema\/person\/e799389631972a78b9cb9ae5ced992d8","name":"Nuria","url":"https:\/\/www.lidemschool.com\/ca\/blog\/author\/kjtbkerqxyy80lgjuijo\/"}]}},"_links":{"self":[{"href":"https:\/\/www.lidemschool.com\/ca\/wp-json\/wp\/v2\/posts\/33755","targetHints":{"allow":["GET"]}}],"collection":[{"href":"https:\/\/www.lidemschool.com\/ca\/wp-json\/wp\/v2\/posts"}],"about":[{"href":"https:\/\/www.lidemschool.com\/ca\/wp-json\/wp\/v2\/types\/post"}],"author":[{"embeddable":true,"href":"https:\/\/www.lidemschool.com\/ca\/wp-json\/wp\/v2\/users\/7"}],"replies":[{"embeddable":true,"href":"https:\/\/www.lidemschool.com\/ca\/wp-json\/wp\/v2\/comments?post=33755"}],"version-history":[{"count":0,"href":"https:\/\/www.lidemschool.com\/ca\/wp-json\/wp\/v2\/posts\/33755\/revisions"}],"wp:featuredmedia":[{"embeddable":true,"href":"https:\/\/www.lidemschool.com\/ca\/wp-json\/wp\/v2\/media\/33745"}],"wp:attachment":[{"href":"https:\/\/www.lidemschool.com\/ca\/wp-json\/wp\/v2\/media?parent=33755"}],"wp:term":[{"taxonomy":"category","embeddable":true,"href":"https:\/\/www.lidemschool.com\/ca\/wp-json\/wp\/v2\/categories?post=33755"},{"taxonomy":"post_tag","embeddable":true,"href":"https:\/\/www.lidemschool.com\/ca\/wp-json\/wp\/v2\/tags?post=33755"}],"curies":[{"name":"wp","href":"https:\/\/api.w.org\/{rel}","templated":true}]}}