{"id":32293,"date":"2023-08-25T07:45:17","date_gmt":"2023-08-25T07:45:17","guid":{"rendered":"https:\/\/www.lidemschool.com\/blog\/com-ha-viscut-run-yin-zhu-el-primer-any-en-lidem\/"},"modified":"2023-08-25T07:45:18","modified_gmt":"2023-08-25T07:45:18","slug":"com-ha-viscut-run-yin-zhu-el-primer-any-en-lidem","status":"publish","type":"post","link":"https:\/\/www.lidemschool.com\/ca\/blog\/how-run-yin-zhu-has-lived-his-first-year-in-lidem\/","title":{"rendered":"\u00bfCom ha viscut Run Yin Zhu el primer any en L&#8217;Idem?"},"content":{"rendered":"<p>[et_pb_section fb_built=&#8221;1&#8243; _builder_version=&#8221;4.9.7&#8243; _module_preset=&#8221;default&#8221; global_colors_info=&#8221;{}&#8221;][et_pb_row _builder_version=&#8221;4.9.7&#8243; _module_preset=&#8221;default&#8221; global_colors_info=&#8221;{}&#8221;][et_pb_column type=&#8221;4_4&#8243; _builder_version=&#8221;4.9.7&#8243; _module_preset=&#8221;default&#8221; global_colors_info=&#8221;{}&#8221;][et_pb_text _builder_version=&#8221;4.14.8&#8243; _module_preset=&#8221;default&#8221; hover_enabled=&#8221;0&#8243; global_colors_info=&#8221;{}&#8221; sticky_enabled=&#8221;0&#8243;]<\/p>\n<p> En L&#8217;Idem situamos a l&#8217;estudiant al centre del nostre projecte educatiu. El nostre objectiu pedag\u00f2gic s&#8217;acompanya en el cam\u00ed cap a la professionalitzaci\u00f3. Com escola apostamos per el seguiment individualitzat de cada alumne al llarg de la seva formaci\u00f3. En aquest sentit, el nostre equip docent realitza un acompanyament personalitzat de cada estudiant amb un doble objectiu:<\/p>\n<ul>\n<li>Potenciar el desenvolupament de la seva creativitat<\/li>\n<li>i consolidar el seu aprenentatge tant a nivell t\u00e8cnic com art\u00edstic.<\/li>\n<\/ul>\n<p>\u00bfCom valora <a title=\"\" href=\"https:\/\/www.instagram.com\/_xxaurixx_\/\" target=\"_blank\" rel=\"noopener\">Run yin Zhu<\/a> el primer any de estudis a L&#8217;Idem? Hem parlat amb aquest estudiant de 1\u00ba de <a href=\"https:\/\/www.lidemschool.com\/ca\/estudis-superiors\/disseny-digital\/\">Animaci\u00f3<\/a> per saber com ha viscut els seus primers mesos d&#8217;estudi a l&#8217;escola, qu\u00e8 ha apr\u00e8s i quines assignatures ha disfrutat m\u00e9s.<\/p>\n<div id=\"gtx-trans\" style=\"position: absolute; left: 66px; top: -9.33333px;\">\n<div class=\"gtx-trans-icon\"><\/div>\n<\/div>\n<h3><strong>\u00bfCom ha ido tu primer a\u00f1o en la escuela?<\/strong><\/h3>\n<p>Ha estat una experi\u00e8ncia molt satisfact\u00f2ria a pesar dels retocs que ha plantat la situaci\u00f3 derivada del Covid. Ha estat un curs ple d&#8217;experi\u00e8ncies noves.<\/p>\n<h3><strong>\u00bfQu\u00e9 cre\u00edas que ibas a prender cuando llegaste?, \u00bfY qu\u00e9 has aprendido este a\u00f1o? <\/strong><\/h3>\n<p>La veritat \u00e9s que el curs s&#8217;ha desenvolupat i com ho havia imaginat. Si tuviera que destacar algo seria que em va passar molt millor i l&#8217;ambient \u00e9s molt agradable.<\/p>\n<h3><strong>\u00bfQuines assignatures ha disfrutat m\u00e9s?<\/strong><\/h3>\n<p>He gaudit molt a les classes de dibuix, arts pl\u00e0stiques i dibuix d&#8217;animaci\u00f3 i que \u00e9s el que m\u00e9s m&#8217;agrada fer.<\/p>\n<h3><strong>De este primer any, qu\u00e8 \u00e9s el que m\u00e9s valoras?<\/strong><\/h3>\n<p>Per un lado, valoro el coneixement adquirit al llarg d&#8217;aquests mesos. I, per otro lado, el haver conegut put companys de classe. He fet nous amics!<\/p>\n<h3><strong>\u00bfY en quines \u00e0rees t&#8217;agradaria aprofundir l&#8217;any que viene? <\/strong><\/h3>\n<p>M&#8217;agradaria aprofundir en anatomia i color.<\/p>\n<h3><strong>\u00bfPor qu\u00e9 va decidir estudiar en L&#8217;Idem? <\/strong><\/h3>\n<p>Perqu\u00e8, dins de les mis possibilitats, era la m\u00e9s opci\u00f3. A m\u00e9s, conozco a persones estan estudiant a l&#8217;escola i un professor de batxillerat tamb\u00e9 em recomend\u00f3.<\/p>\n<h3><strong>\u00bfRecomendar\u00edas la escuela a alguien interesado en estudiar Animaci\u00f3?<\/strong><\/h3>\n<p>\u00a1Claro! \u00c9s un ambient agradable, amb professors molt professionals, aprenen molt i les millors se notan.<\/p>\n<p>[\/et_pb_text][\/et_pb_column][\/et_pb_row][\/et_pb_section]<\/p>\n","protected":false},"excerpt":{"rendered":"<p>En L&#8217;Idem situamos a l&#8217;estudiant al centre del nostre projecte educatiu. El nostre objectiu pedag\u00f2gic s&#8217;acompanya en el cam\u00ed cap a la professionalitzaci\u00f3. Com escola apostamos per el seguiment individualitzat de cada alumne al llarg de la seva formaci\u00f3. En aquest sentit, el nostre equip docent realitza un acompanyament personalitzat de cada estudiant amb un [&hellip;]<\/p>\n","protected":false},"author":1,"featured_media":26705,"comment_status":"closed","ping_status":"open","sticky":false,"template":"","format":"standard","meta":{"_et_pb_use_builder":"on","_et_pb_old_content":"","_et_gb_content_width":"","content-type":"","inline_featured_image":false,"footnotes":""},"categories":[38],"tags":[451],"class_list":["post-32293","post","type-post","status-publish","format-standard","has-post-thumbnail","hentry","category-animacion","tag-animacion-2-ca"],"yoast_head":"<!-- This site is optimized with the Yoast SEO plugin v27.4 - https:\/\/yoast.com\/product\/yoast-seo-wordpress\/ -->\n<title>L&#039;Idem Barcelona | El 1er a\u00f1o de Run yin Zhu en L&#039;Idem<\/title>\n<meta name=\"description\" content=\"\u00bfC\u00f3mo valora Run yin Zhu su primer a\u00f1o de estudios en L\u2019Idem? Hem parlat amb ella sobre els primers nous mesos d&#039;estudi a l&#039;escola.\" \/>\n<meta name=\"robots\" content=\"index, follow, max-snippet:-1, max-image-preview:large, max-video-preview:-1\" \/>\n<link rel=\"canonical\" href=\"https:\/\/www.lidemschool.com\/ca\/blog\/how-run-yin-zhu-has-lived-his-first-year-in-lidem\/\" \/>\n<meta property=\"og:locale\" content=\"ca_ES\" \/>\n<meta property=\"og:type\" content=\"article\" \/>\n<meta property=\"og:title\" content=\"L&#039;Idem Barcelona | El 1er a\u00f1o de Run yin Zhu en L&#039;Idem\" \/>\n<meta property=\"og:description\" content=\"\u00bfC\u00f3mo valora Run yin Zhu su primer a\u00f1o de estudios en L\u2019Idem? Hem parlat amb ella sobre els primers nous mesos d&#039;estudi a l&#039;escola.\" \/>\n<meta property=\"og:url\" content=\"https:\/\/www.lidemschool.com\/ca\/blog\/how-run-yin-zhu-has-lived-his-first-year-in-lidem\/\" \/>\n<meta property=\"og:site_name\" content=\"L&#039;Idem Animation School\" \/>\n<meta property=\"article:published_time\" content=\"2023-08-25T07:45:17+00:00\" \/>\n<meta property=\"article:modified_time\" content=\"2023-08-25T07:45:18+00:00\" \/>\n<meta property=\"og:image\" content=\"https:\/\/www.lidemschool.com\/wp-content\/uploads\/2022\/01\/runyin.jpg\" \/>\n\t<meta property=\"og:image:width\" content=\"801\" \/>\n\t<meta property=\"og:image:height\" content=\"740\" \/>\n\t<meta property=\"og:image:type\" content=\"image\/jpeg\" \/>\n<meta name=\"author\" content=\"JGjtM3w8cv9UJfsdm1bg\" \/>\n<meta name=\"twitter:card\" content=\"summary_large_image\" \/>\n<meta name=\"twitter:label1\" content=\"Escrit per\" \/>\n\t<meta name=\"twitter:data1\" content=\"JGjtM3w8cv9UJfsdm1bg\" \/>\n\t<meta name=\"twitter:label2\" content=\"Temps estimat de lectura\" \/>\n\t<meta name=\"twitter:data2\" content=\"2 minuts\" \/>\n<script type=\"application\/ld+json\" class=\"yoast-schema-graph\">{\"@context\":\"https:\\\/\\\/schema.org\",\"@graph\":[{\"@type\":\"Article\",\"@id\":\"https:\\\/\\\/www.lidemschool.com\\\/ca\\\/blog\\\/how-run-yin-zhu-has-lived-his-first-year-in-lidem\\\/#article\",\"isPartOf\":{\"@id\":\"https:\\\/\\\/www.lidemschool.com\\\/ca\\\/blog\\\/how-run-yin-zhu-has-lived-his-first-year-in-lidem\\\/\"},\"author\":{\"name\":\"JGjtM3w8cv9UJfsdm1bg\",\"@id\":\"https:\\\/\\\/www.lidemschool.com\\\/ca\\\/#\\\/schema\\\/person\\\/e528c490e983bc46bb80062c928a638e\"},\"headline\":\"\u00bfCom ha viscut Run Yin Zhu el primer any en L&#8217;Idem?\",\"datePublished\":\"2023-08-25T07:45:17+00:00\",\"dateModified\":\"2023-08-25T07:45:18+00:00\",\"mainEntityOfPage\":{\"@id\":\"https:\\\/\\\/www.lidemschool.com\\\/ca\\\/blog\\\/how-run-yin-zhu-has-lived-his-first-year-in-lidem\\\/\"},\"wordCount\":440,\"image\":{\"@id\":\"https:\\\/\\\/www.lidemschool.com\\\/ca\\\/blog\\\/how-run-yin-zhu-has-lived-his-first-year-in-lidem\\\/#primaryimage\"},\"thumbnailUrl\":\"https:\\\/\\\/www.lidemschool.com\\\/wp-content\\\/uploads\\\/2022\\\/01\\\/runyin.jpg\",\"keywords\":[\"animaci\u00f3n\"],\"articleSection\":[\"Animaci\u00f3n\"],\"inLanguage\":\"ca\"},{\"@type\":\"WebPage\",\"@id\":\"https:\\\/\\\/www.lidemschool.com\\\/ca\\\/blog\\\/how-run-yin-zhu-has-lived-his-first-year-in-lidem\\\/\",\"url\":\"https:\\\/\\\/www.lidemschool.com\\\/ca\\\/blog\\\/how-run-yin-zhu-has-lived-his-first-year-in-lidem\\\/\",\"name\":\"L'Idem Barcelona | El 1er a\u00f1o de Run yin Zhu en L'Idem\",\"isPartOf\":{\"@id\":\"https:\\\/\\\/www.lidemschool.com\\\/ca\\\/#website\"},\"primaryImageOfPage\":{\"@id\":\"https:\\\/\\\/www.lidemschool.com\\\/ca\\\/blog\\\/how-run-yin-zhu-has-lived-his-first-year-in-lidem\\\/#primaryimage\"},\"image\":{\"@id\":\"https:\\\/\\\/www.lidemschool.com\\\/ca\\\/blog\\\/how-run-yin-zhu-has-lived-his-first-year-in-lidem\\\/#primaryimage\"},\"thumbnailUrl\":\"https:\\\/\\\/www.lidemschool.com\\\/wp-content\\\/uploads\\\/2022\\\/01\\\/runyin.jpg\",\"datePublished\":\"2023-08-25T07:45:17+00:00\",\"dateModified\":\"2023-08-25T07:45:18+00:00\",\"author\":{\"@id\":\"https:\\\/\\\/www.lidemschool.com\\\/ca\\\/#\\\/schema\\\/person\\\/e528c490e983bc46bb80062c928a638e\"},\"description\":\"\u00bfC\u00f3mo valora Run yin Zhu su primer a\u00f1o de estudios en L\u2019Idem? Hem parlat amb ella sobre els primers nous mesos d'estudi a l'escola.\",\"breadcrumb\":{\"@id\":\"https:\\\/\\\/www.lidemschool.com\\\/ca\\\/blog\\\/how-run-yin-zhu-has-lived-his-first-year-in-lidem\\\/#breadcrumb\"},\"inLanguage\":\"ca\",\"potentialAction\":[{\"@type\":\"ReadAction\",\"target\":[\"https:\\\/\\\/www.lidemschool.com\\\/ca\\\/blog\\\/how-run-yin-zhu-has-lived-his-first-year-in-lidem\\\/\"]}]},{\"@type\":\"ImageObject\",\"inLanguage\":\"ca\",\"@id\":\"https:\\\/\\\/www.lidemschool.com\\\/ca\\\/blog\\\/how-run-yin-zhu-has-lived-his-first-year-in-lidem\\\/#primaryimage\",\"url\":\"https:\\\/\\\/www.lidemschool.com\\\/wp-content\\\/uploads\\\/2022\\\/01\\\/runyin.jpg\",\"contentUrl\":\"https:\\\/\\\/www.lidemschool.com\\\/wp-content\\\/uploads\\\/2022\\\/01\\\/runyin.jpg\",\"width\":801,\"height\":740},{\"@type\":\"BreadcrumbList\",\"@id\":\"https:\\\/\\\/www.lidemschool.com\\\/ca\\\/blog\\\/how-run-yin-zhu-has-lived-his-first-year-in-lidem\\\/#breadcrumb\",\"itemListElement\":[{\"@type\":\"ListItem\",\"position\":1,\"name\":\"Home\",\"item\":\"https:\\\/\\\/www.lidemschool.com\\\/ca\\\/home-2\\\/\"},{\"@type\":\"ListItem\",\"position\":2,\"name\":\"\u00bfCom ha viscut Run Yin Zhu el primer any en L&#8217;Idem?\"}]},{\"@type\":\"WebSite\",\"@id\":\"https:\\\/\\\/www.lidemschool.com\\\/ca\\\/#website\",\"url\":\"https:\\\/\\\/www.lidemschool.com\\\/ca\\\/\",\"name\":\"L&#039;Idem Animation School\",\"description\":\"L&#039;Idem Animation School\",\"potentialAction\":[{\"@type\":\"SearchAction\",\"target\":{\"@type\":\"EntryPoint\",\"urlTemplate\":\"https:\\\/\\\/www.lidemschool.com\\\/ca\\\/?s={search_term_string}\"},\"query-input\":{\"@type\":\"PropertyValueSpecification\",\"valueRequired\":true,\"valueName\":\"search_term_string\"}}],\"inLanguage\":\"ca\"},{\"@type\":\"Person\",\"@id\":\"https:\\\/\\\/www.lidemschool.com\\\/ca\\\/#\\\/schema\\\/person\\\/e528c490e983bc46bb80062c928a638e\",\"name\":\"JGjtM3w8cv9UJfsdm1bg\",\"sameAs\":[\"https:\\\/\\\/www.lidembarcelona.com\"],\"url\":\"https:\\\/\\\/www.lidemschool.com\\\/ca\\\/blog\\\/author\\\/jgjtm3w8cv9ujfsdm1bg\\\/\"}]}<\/script>\n<!-- \/ Yoast SEO plugin. -->","yoast_head_json":{"title":"L'Idem Barcelona | El 1er a\u00f1o de Run yin Zhu en L'Idem","description":"\u00bfC\u00f3mo valora Run yin Zhu su primer a\u00f1o de estudios en L\u2019Idem? Hem parlat amb ella sobre els primers nous mesos d'estudi a l'escola.","robots":{"index":"index","follow":"follow","max-snippet":"max-snippet:-1","max-image-preview":"max-image-preview:large","max-video-preview":"max-video-preview:-1"},"canonical":"https:\/\/www.lidemschool.com\/ca\/blog\/how-run-yin-zhu-has-lived-his-first-year-in-lidem\/","og_locale":"ca_ES","og_type":"article","og_title":"L'Idem Barcelona | El 1er a\u00f1o de Run yin Zhu en L'Idem","og_description":"\u00bfC\u00f3mo valora Run yin Zhu su primer a\u00f1o de estudios en L\u2019Idem? Hem parlat amb ella sobre els primers nous mesos d'estudi a l'escola.","og_url":"https:\/\/www.lidemschool.com\/ca\/blog\/how-run-yin-zhu-has-lived-his-first-year-in-lidem\/","og_site_name":"L&#039;Idem Animation School","article_published_time":"2023-08-25T07:45:17+00:00","article_modified_time":"2023-08-25T07:45:18+00:00","og_image":[{"width":801,"height":740,"url":"https:\/\/www.lidemschool.com\/wp-content\/uploads\/2022\/01\/runyin.jpg","type":"image\/jpeg"}],"author":"JGjtM3w8cv9UJfsdm1bg","twitter_card":"summary_large_image","twitter_misc":{"Escrit per":"JGjtM3w8cv9UJfsdm1bg","Temps estimat de lectura":"2 minuts"},"schema":{"@context":"https:\/\/schema.org","@graph":[{"@type":"Article","@id":"https:\/\/www.lidemschool.com\/ca\/blog\/how-run-yin-zhu-has-lived-his-first-year-in-lidem\/#article","isPartOf":{"@id":"https:\/\/www.lidemschool.com\/ca\/blog\/how-run-yin-zhu-has-lived-his-first-year-in-lidem\/"},"author":{"name":"JGjtM3w8cv9UJfsdm1bg","@id":"https:\/\/www.lidemschool.com\/ca\/#\/schema\/person\/e528c490e983bc46bb80062c928a638e"},"headline":"\u00bfCom ha viscut Run Yin Zhu el primer any en L&#8217;Idem?","datePublished":"2023-08-25T07:45:17+00:00","dateModified":"2023-08-25T07:45:18+00:00","mainEntityOfPage":{"@id":"https:\/\/www.lidemschool.com\/ca\/blog\/how-run-yin-zhu-has-lived-his-first-year-in-lidem\/"},"wordCount":440,"image":{"@id":"https:\/\/www.lidemschool.com\/ca\/blog\/how-run-yin-zhu-has-lived-his-first-year-in-lidem\/#primaryimage"},"thumbnailUrl":"https:\/\/www.lidemschool.com\/wp-content\/uploads\/2022\/01\/runyin.jpg","keywords":["animaci\u00f3n"],"articleSection":["Animaci\u00f3n"],"inLanguage":"ca"},{"@type":"WebPage","@id":"https:\/\/www.lidemschool.com\/ca\/blog\/how-run-yin-zhu-has-lived-his-first-year-in-lidem\/","url":"https:\/\/www.lidemschool.com\/ca\/blog\/how-run-yin-zhu-has-lived-his-first-year-in-lidem\/","name":"L'Idem Barcelona | El 1er a\u00f1o de Run yin Zhu en L'Idem","isPartOf":{"@id":"https:\/\/www.lidemschool.com\/ca\/#website"},"primaryImageOfPage":{"@id":"https:\/\/www.lidemschool.com\/ca\/blog\/how-run-yin-zhu-has-lived-his-first-year-in-lidem\/#primaryimage"},"image":{"@id":"https:\/\/www.lidemschool.com\/ca\/blog\/how-run-yin-zhu-has-lived-his-first-year-in-lidem\/#primaryimage"},"thumbnailUrl":"https:\/\/www.lidemschool.com\/wp-content\/uploads\/2022\/01\/runyin.jpg","datePublished":"2023-08-25T07:45:17+00:00","dateModified":"2023-08-25T07:45:18+00:00","author":{"@id":"https:\/\/www.lidemschool.com\/ca\/#\/schema\/person\/e528c490e983bc46bb80062c928a638e"},"description":"\u00bfC\u00f3mo valora Run yin Zhu su primer a\u00f1o de estudios en L\u2019Idem? Hem parlat amb ella sobre els primers nous mesos d'estudi a l'escola.","breadcrumb":{"@id":"https:\/\/www.lidemschool.com\/ca\/blog\/how-run-yin-zhu-has-lived-his-first-year-in-lidem\/#breadcrumb"},"inLanguage":"ca","potentialAction":[{"@type":"ReadAction","target":["https:\/\/www.lidemschool.com\/ca\/blog\/how-run-yin-zhu-has-lived-his-first-year-in-lidem\/"]}]},{"@type":"ImageObject","inLanguage":"ca","@id":"https:\/\/www.lidemschool.com\/ca\/blog\/how-run-yin-zhu-has-lived-his-first-year-in-lidem\/#primaryimage","url":"https:\/\/www.lidemschool.com\/wp-content\/uploads\/2022\/01\/runyin.jpg","contentUrl":"https:\/\/www.lidemschool.com\/wp-content\/uploads\/2022\/01\/runyin.jpg","width":801,"height":740},{"@type":"BreadcrumbList","@id":"https:\/\/www.lidemschool.com\/ca\/blog\/how-run-yin-zhu-has-lived-his-first-year-in-lidem\/#breadcrumb","itemListElement":[{"@type":"ListItem","position":1,"name":"Home","item":"https:\/\/www.lidemschool.com\/ca\/home-2\/"},{"@type":"ListItem","position":2,"name":"\u00bfCom ha viscut Run Yin Zhu el primer any en L&#8217;Idem?"}]},{"@type":"WebSite","@id":"https:\/\/www.lidemschool.com\/ca\/#website","url":"https:\/\/www.lidemschool.com\/ca\/","name":"L&#039;Idem Animation School","description":"L&#039;Idem Animation School","potentialAction":[{"@type":"SearchAction","target":{"@type":"EntryPoint","urlTemplate":"https:\/\/www.lidemschool.com\/ca\/?s={search_term_string}"},"query-input":{"@type":"PropertyValueSpecification","valueRequired":true,"valueName":"search_term_string"}}],"inLanguage":"ca"},{"@type":"Person","@id":"https:\/\/www.lidemschool.com\/ca\/#\/schema\/person\/e528c490e983bc46bb80062c928a638e","name":"JGjtM3w8cv9UJfsdm1bg","sameAs":["https:\/\/www.lidembarcelona.com"],"url":"https:\/\/www.lidemschool.com\/ca\/blog\/author\/jgjtm3w8cv9ujfsdm1bg\/"}]}},"_links":{"self":[{"href":"https:\/\/www.lidemschool.com\/ca\/wp-json\/wp\/v2\/posts\/32293","targetHints":{"allow":["GET"]}}],"collection":[{"href":"https:\/\/www.lidemschool.com\/ca\/wp-json\/wp\/v2\/posts"}],"about":[{"href":"https:\/\/www.lidemschool.com\/ca\/wp-json\/wp\/v2\/types\/post"}],"author":[{"embeddable":true,"href":"https:\/\/www.lidemschool.com\/ca\/wp-json\/wp\/v2\/users\/1"}],"replies":[{"embeddable":true,"href":"https:\/\/www.lidemschool.com\/ca\/wp-json\/wp\/v2\/comments?post=32293"}],"version-history":[{"count":2,"href":"https:\/\/www.lidemschool.com\/ca\/wp-json\/wp\/v2\/posts\/32293\/revisions"}],"predecessor-version":[{"id":32295,"href":"https:\/\/www.lidemschool.com\/ca\/wp-json\/wp\/v2\/posts\/32293\/revisions\/32295"}],"wp:featuredmedia":[{"embeddable":true,"href":"https:\/\/www.lidemschool.com\/ca\/wp-json\/wp\/v2\/media\/26705"}],"wp:attachment":[{"href":"https:\/\/www.lidemschool.com\/ca\/wp-json\/wp\/v2\/media?parent=32293"}],"wp:term":[{"taxonomy":"category","embeddable":true,"href":"https:\/\/www.lidemschool.com\/ca\/wp-json\/wp\/v2\/categories?post=32293"},{"taxonomy":"post_tag","embeddable":true,"href":"https:\/\/www.lidemschool.com\/ca\/wp-json\/wp\/v2\/tags?post=32293"}],"curies":[{"name":"wp","href":"https:\/\/api.w.org\/{rel}","templated":true}]}}