{"id":31669,"date":"2023-06-28T12:07:07","date_gmt":"2023-06-28T12:07:07","guid":{"rendered":"https:\/\/www.lidemschool.com\/blog\/lidem-assisteix-a-la-62a-edicio-del-festival-annecy\/"},"modified":"2023-06-28T12:07:07","modified_gmt":"2023-06-28T12:07:07","slug":"lidem-assisteix-a-la-62a-edicio-del-festival-annecy","status":"publish","type":"post","link":"https:\/\/www.lidemschool.com\/ca\/blog\/lidem-asiste-62-edicion-festival-annecy\/","title":{"rendered":"L\u2019Idem assisteix a la 62a edici\u00f3 del Festival Annecy"},"content":{"rendered":"<p>Un any m\u00e9s, el professorat i alumnat de L\u2019Idem assistiran a <strong>Annecy 2023<\/strong>, el Festival Internacional de cinema d&#8217;Animaci\u00f3 m\u00e9s important d&#8217;Europa i que celebrar\u00e0 la 62a edici\u00f3 de l&#8217;11 al 17 de juny.<\/p>\n<p>Com cada any, Annecy comptar\u00e0 amb confer\u00e8ncies i Masterclass exclusives de les \u00faltimes estrenes d&#8217;animaci\u00f3, trobades amb professionals del sector i el talent emergent, sessions de recruitment amb les grans empreses del sector, entre moltes altres activitats.<\/p>\n<p><iframe loading=\"lazy\" title=\"Annecy 2023 is coming \ud83c\udf35\" width=\"1080\" height=\"608\" src=\"https:\/\/www.youtube.com\/embed\/2RD_6DmKcmo?feature=oembed\"  allow=\"accelerometer; autoplay; clipboard-write; encrypted-media; gyroscope; picture-in-picture; web-share\" allowfullscreen><\/iframe><\/p>\n<p>&nbsp;<\/p>\n<h4><strong>Secci\u00f3 Oficial del Festival<\/strong><\/h4>\n<p>El punt de fort s\u00f3n els llargmetratges i curtmetratges que es presenten a competici\u00f3 a les diferents categories i que estan classificades en les diferents categories: llargmetratges, curts, pel\u00b7l\u00edcules produ\u00efdes per a televisi\u00f3 i publicitat, pel\u00b7l\u00edcules per a estudiants, pel\u00b7l\u00edcules per a internet o llargs <em> contrechamp<\/em>. Podeu consultar el programa complet de l&#8217;edici\u00f3 del 2023 al seg\u00fcent enlla\u00e7: <a href=\"https:\/\/www.annecyfestival.com\/the-festival\/competition\" target=\"_blank\" rel=\"noopener\"><strong> Programa Annecy 2023<\/strong><\/a>.<\/p>\n<p><img loading=\"lazy\" decoding=\"async\" class=\"wp-image-31500 size-full aligncenter\" src=\"https:\/\/www.lidemschool.com\/wp-content\/uploads\/2023\/06\/annecy-2023-1.jpg\" alt=\"annecy 2023\" width=\"723\" height=\"1023\" srcset=\"https:\/\/www.lidemschool.com\/wp-content\/uploads\/2023\/06\/annecy-2023-1.jpg 723w, https:\/\/www.lidemschool.com\/wp-content\/uploads\/2023\/06\/annecy-2023-1-480x679.jpg 480w\" sizes=\"(min-width: 0px) and (max-width: 480px) 480px, (min-width: 481px) 723px, 100vw\" \/><\/p>\n<p>&nbsp;<\/p>\n<h4><strong>Homenatge al cinema d&#8217;animaci\u00f3 mexic\u00e0<\/strong><\/h4>\n<p>Com ja es va revelar fa uns mesos amb el cartell, dissenyada per l&#8217;animador i director, <strong>Jorge R. Guti\u00e9rrez<\/strong>. Per\u00f2 aquest any, tamb\u00e9 es comptar\u00e0 amb confer\u00e8ncies com la de <strong>Guillermo del Toro<\/strong> i programa de projeccions i activitats que reflectir\u00e0 totes les particularitats de l&#8217;animaci\u00f3 mexicana.<\/p>\n<p>A la secci\u00f3 <strong>Work-in-Progress<\/strong> es presentar\u00e0 la pel\u00b7l\u00edcula <em>Batman Azteca: Xoc d&#8217;imperis<\/em>, un film que ret homenatge a la cultura asteca.<\/p>\n<p>&nbsp;<\/p>\n<h4><strong>Els grans estudis presenten les seves produccions<\/strong><\/h4>\n<p>Entre les activitats principals del Festival Internacional d&#8217;Animaci\u00f3 d&#8217;Annecy, es poden fer algunes prim\u00edcies com les seg\u00fcents:<\/p>\n<ul>\n<li>Es podran veure les primeres versions del concept art de <em>Teenage Mutant Ninja<\/em> de Jeff Rowe i Seth Rogen.<\/li>\n<li>Genndy Tartakovsky, creador d&#8217;Hotel Transilvania, presentar\u00e0 la seva nova pel\u00b7l\u00edcula<em> Fixed<\/em>.<\/li>\n<li>Netflix la segona part de la seva pel\u00b7l\u00edcula animada <em>Chicken Run<\/em>.<\/li>\n<li>Dreamworks projectar\u00e0 <em>Ruby, the Teen Kraken<\/em> i les primeres imatges de <em>Trolls 3<\/em>.<\/li>\n<li>Illumination presentar\u00e0 el nou llargmetratge <em>Migration<\/em>.<\/li>\n<li>Pixar presentar\u00e0 a Annecy la seva nova pel\u00b7l\u00edcula d&#8217;animaci\u00f3: <em>Elemental<\/em> i les primeres imatges de la seva primera s\u00e8rie original: <em>Win and Lose<\/em>.<\/li>\n<\/ul>\n<h4><strong>Mifa 2023<\/strong><strong>\u00a0<\/strong><\/h4>\n<p>Del 13 al 16 de juny tindr\u00e0 lloc el Mercat Internacional de Cinema d&#8217;Animaci\u00f3 d&#8217;Annecy (<a href=\"https:\/\/www.annecyfestival.com\/the-mifa\/presentation\">MIFA<\/a>). Aquesta cita ineludible que parteix com a punt de trobada entre els professionals del sector, amplia el seu espai amb 10.000 m2 i amb un nou espai: <strong>El Campus<\/strong>, destinat a estudiants i talents que estar\u00e0 operatiu els dies que duri el festival.<\/p>\n<p>Expositors, distribu\u00efdors, productors, artistes o inversors es donen cita en aquest espai per fer <em>networking <\/em>i aquest any es destaca les 6 pon\u00e8ncies de sis empreses principals que presentaran les seves novetats: <strong>Mediawan<\/strong> , <strong>Disney<\/strong>, <strong>AnimFrance<\/strong>, <strong>France Televisions<\/strong>, <strong>M6<\/strong> i <strong>CANAL +.<\/strong><\/p>\n<p>Annecy Festival \u00e9s el mercat internacional de cinema d&#8217;animaci\u00f3 m\u00e9s gran que reuneix al voltant de 13.000 professionals del sector i al voltant de 3.000 empreses per promoure aquest sector.<\/p>\n","protected":false},"excerpt":{"rendered":"<p>Un any m\u00e9s, el professorat i alumnat de L\u2019Idem assistiran a Annecy 2023, el Festival Internacional de cinema d&#8217;Animaci\u00f3 m\u00e9s important d&#8217;Europa i que celebrar\u00e0 la 62a edici\u00f3 de l&#8217;11 al 17 de juny. Com cada any, Annecy comptar\u00e0 amb confer\u00e8ncies i Masterclass exclusives de les \u00faltimes estrenes d&#8217;animaci\u00f3, trobades amb professionals del sector i [&hellip;]<\/p>\n","protected":false},"author":7,"featured_media":31500,"comment_status":"closed","ping_status":"open","sticky":false,"template":"","format":"standard","meta":{"_et_pb_use_builder":"","_et_pb_old_content":"","_et_gb_content_width":"","content-type":"","inline_featured_image":false,"footnotes":""},"categories":[180,182],"tags":[451,797,798],"class_list":["post-31669","post","type-post","status-publish","format-standard","has-post-thumbnail","hentry","category-animacio","category-noticies","tag-animacion-2-ca","tag-annecy-ca","tag-festival-ca"],"yoast_head":"<!-- This site is optimized with the Yoast SEO plugin v27.4 - https:\/\/yoast.com\/product\/yoast-seo-wordpress\/ -->\n<title>L\u2019Idem assisteix a la 62a edici\u00f3 del Festival Annecy<\/title>\n<meta name=\"description\" content=\"Un any m\u00e9s, el professorat i l&#039;alumnat L&#039;Idem assistir\u00e0 a Annecy 2023, el Festival Internacional de Cinema d&#039;Animaci\u00f3 m\u00e9s important d&#039;Europa.\" \/>\n<meta name=\"robots\" content=\"index, follow, max-snippet:-1, max-image-preview:large, max-video-preview:-1\" \/>\n<link rel=\"canonical\" href=\"https:\/\/www.lidemschool.com\/ca\/blog\/lidem-asiste-62-edicion-festival-annecy\/\" \/>\n<meta property=\"og:locale\" content=\"ca_ES\" \/>\n<meta property=\"og:type\" content=\"article\" \/>\n<meta property=\"og:title\" content=\"L\u2019Idem assisteix a la 62a edici\u00f3 del Festival Annecy\" \/>\n<meta property=\"og:description\" content=\"Un any m\u00e9s, el professorat i l&#039;alumnat L&#039;Idem assistir\u00e0 a Annecy 2023, el Festival Internacional de Cinema d&#039;Animaci\u00f3 m\u00e9s important d&#039;Europa.\" \/>\n<meta property=\"og:url\" content=\"https:\/\/www.lidemschool.com\/ca\/blog\/lidem-asiste-62-edicion-festival-annecy\/\" \/>\n<meta property=\"og:site_name\" content=\"L&#039;Idem Animation School\" \/>\n<meta property=\"article:published_time\" content=\"2023-06-28T12:07:07+00:00\" \/>\n<meta property=\"og:image\" content=\"https:\/\/www.lidemschool.com\/wp-content\/uploads\/2023\/06\/annecy-2023-1.jpg\" \/>\n\t<meta property=\"og:image:width\" content=\"723\" \/>\n\t<meta property=\"og:image:height\" content=\"1023\" \/>\n\t<meta property=\"og:image:type\" content=\"image\/jpeg\" \/>\n<meta name=\"author\" content=\"Nuria\" \/>\n<meta name=\"twitter:card\" content=\"summary_large_image\" \/>\n<meta name=\"twitter:label1\" content=\"Escrit per\" \/>\n\t<meta name=\"twitter:data1\" content=\"Nuria\" \/>\n\t<meta name=\"twitter:label2\" content=\"Temps estimat de lectura\" \/>\n\t<meta name=\"twitter:data2\" content=\"2 minuts\" \/>\n<script type=\"application\/ld+json\" class=\"yoast-schema-graph\">{\"@context\":\"https:\\\/\\\/schema.org\",\"@graph\":[{\"@type\":\"Article\",\"@id\":\"https:\\\/\\\/www.lidemschool.com\\\/ca\\\/blog\\\/lidem-asiste-62-edicion-festival-annecy\\\/#article\",\"isPartOf\":{\"@id\":\"https:\\\/\\\/www.lidemschool.com\\\/ca\\\/blog\\\/lidem-asiste-62-edicion-festival-annecy\\\/\"},\"author\":{\"name\":\"Nuria\",\"@id\":\"https:\\\/\\\/www.lidemschool.com\\\/ca\\\/#\\\/schema\\\/person\\\/e799389631972a78b9cb9ae5ced992d8\"},\"headline\":\"L\u2019Idem assisteix a la 62a edici\u00f3 del Festival Annecy\",\"datePublished\":\"2023-06-28T12:07:07+00:00\",\"mainEntityOfPage\":{\"@id\":\"https:\\\/\\\/www.lidemschool.com\\\/ca\\\/blog\\\/lidem-asiste-62-edicion-festival-annecy\\\/\"},\"wordCount\":497,\"image\":{\"@id\":\"https:\\\/\\\/www.lidemschool.com\\\/ca\\\/blog\\\/lidem-asiste-62-edicion-festival-annecy\\\/#primaryimage\"},\"thumbnailUrl\":\"https:\\\/\\\/www.lidemschool.com\\\/wp-content\\\/uploads\\\/2023\\\/06\\\/annecy-2023-1.jpg\",\"keywords\":[\"animaci\u00f3n\",\"annecy\",\"Festival\"],\"articleSection\":[\"Animaci\u00f3\",\"Not\u00edcies\"],\"inLanguage\":\"ca\"},{\"@type\":\"WebPage\",\"@id\":\"https:\\\/\\\/www.lidemschool.com\\\/ca\\\/blog\\\/lidem-asiste-62-edicion-festival-annecy\\\/\",\"url\":\"https:\\\/\\\/www.lidemschool.com\\\/ca\\\/blog\\\/lidem-asiste-62-edicion-festival-annecy\\\/\",\"name\":\"L\u2019Idem assisteix a la 62a edici\u00f3 del Festival Annecy\",\"isPartOf\":{\"@id\":\"https:\\\/\\\/www.lidemschool.com\\\/ca\\\/#website\"},\"primaryImageOfPage\":{\"@id\":\"https:\\\/\\\/www.lidemschool.com\\\/ca\\\/blog\\\/lidem-asiste-62-edicion-festival-annecy\\\/#primaryimage\"},\"image\":{\"@id\":\"https:\\\/\\\/www.lidemschool.com\\\/ca\\\/blog\\\/lidem-asiste-62-edicion-festival-annecy\\\/#primaryimage\"},\"thumbnailUrl\":\"https:\\\/\\\/www.lidemschool.com\\\/wp-content\\\/uploads\\\/2023\\\/06\\\/annecy-2023-1.jpg\",\"datePublished\":\"2023-06-28T12:07:07+00:00\",\"author\":{\"@id\":\"https:\\\/\\\/www.lidemschool.com\\\/ca\\\/#\\\/schema\\\/person\\\/e799389631972a78b9cb9ae5ced992d8\"},\"description\":\"Un any m\u00e9s, el professorat i l'alumnat L'Idem assistir\u00e0 a Annecy 2023, el Festival Internacional de Cinema d'Animaci\u00f3 m\u00e9s important d'Europa.\",\"breadcrumb\":{\"@id\":\"https:\\\/\\\/www.lidemschool.com\\\/ca\\\/blog\\\/lidem-asiste-62-edicion-festival-annecy\\\/#breadcrumb\"},\"inLanguage\":\"ca\",\"potentialAction\":[{\"@type\":\"ReadAction\",\"target\":[\"https:\\\/\\\/www.lidemschool.com\\\/ca\\\/blog\\\/lidem-asiste-62-edicion-festival-annecy\\\/\"]}]},{\"@type\":\"ImageObject\",\"inLanguage\":\"ca\",\"@id\":\"https:\\\/\\\/www.lidemschool.com\\\/ca\\\/blog\\\/lidem-asiste-62-edicion-festival-annecy\\\/#primaryimage\",\"url\":\"https:\\\/\\\/www.lidemschool.com\\\/wp-content\\\/uploads\\\/2023\\\/06\\\/annecy-2023-1.jpg\",\"contentUrl\":\"https:\\\/\\\/www.lidemschool.com\\\/wp-content\\\/uploads\\\/2023\\\/06\\\/annecy-2023-1.jpg\",\"width\":723,\"height\":1023,\"caption\":\"annecy 2023\"},{\"@type\":\"BreadcrumbList\",\"@id\":\"https:\\\/\\\/www.lidemschool.com\\\/ca\\\/blog\\\/lidem-asiste-62-edicion-festival-annecy\\\/#breadcrumb\",\"itemListElement\":[{\"@type\":\"ListItem\",\"position\":1,\"name\":\"Home\",\"item\":\"https:\\\/\\\/www.lidemschool.com\\\/ca\\\/home-2\\\/\"},{\"@type\":\"ListItem\",\"position\":2,\"name\":\"L\u2019Idem assisteix a la 62a edici\u00f3 del Festival Annecy\"}]},{\"@type\":\"WebSite\",\"@id\":\"https:\\\/\\\/www.lidemschool.com\\\/ca\\\/#website\",\"url\":\"https:\\\/\\\/www.lidemschool.com\\\/ca\\\/\",\"name\":\"L&#039;Idem Animation School\",\"description\":\"L&#039;Idem Animation School\",\"potentialAction\":[{\"@type\":\"SearchAction\",\"target\":{\"@type\":\"EntryPoint\",\"urlTemplate\":\"https:\\\/\\\/www.lidemschool.com\\\/ca\\\/?s={search_term_string}\"},\"query-input\":{\"@type\":\"PropertyValueSpecification\",\"valueRequired\":true,\"valueName\":\"search_term_string\"}}],\"inLanguage\":\"ca\"},{\"@type\":\"Person\",\"@id\":\"https:\\\/\\\/www.lidemschool.com\\\/ca\\\/#\\\/schema\\\/person\\\/e799389631972a78b9cb9ae5ced992d8\",\"name\":\"Nuria\",\"url\":\"https:\\\/\\\/www.lidemschool.com\\\/ca\\\/blog\\\/author\\\/kjtbkerqxyy80lgjuijo\\\/\"}]}<\/script>\n<!-- \/ Yoast SEO plugin. -->","yoast_head_json":{"title":"L\u2019Idem assisteix a la 62a edici\u00f3 del Festival Annecy","description":"Un any m\u00e9s, el professorat i l'alumnat L'Idem assistir\u00e0 a Annecy 2023, el Festival Internacional de Cinema d'Animaci\u00f3 m\u00e9s important d'Europa.","robots":{"index":"index","follow":"follow","max-snippet":"max-snippet:-1","max-image-preview":"max-image-preview:large","max-video-preview":"max-video-preview:-1"},"canonical":"https:\/\/www.lidemschool.com\/ca\/blog\/lidem-asiste-62-edicion-festival-annecy\/","og_locale":"ca_ES","og_type":"article","og_title":"L\u2019Idem assisteix a la 62a edici\u00f3 del Festival Annecy","og_description":"Un any m\u00e9s, el professorat i l'alumnat L'Idem assistir\u00e0 a Annecy 2023, el Festival Internacional de Cinema d'Animaci\u00f3 m\u00e9s important d'Europa.","og_url":"https:\/\/www.lidemschool.com\/ca\/blog\/lidem-asiste-62-edicion-festival-annecy\/","og_site_name":"L&#039;Idem Animation School","article_published_time":"2023-06-28T12:07:07+00:00","og_image":[{"width":723,"height":1023,"url":"https:\/\/www.lidemschool.com\/wp-content\/uploads\/2023\/06\/annecy-2023-1.jpg","type":"image\/jpeg"}],"author":"Nuria","twitter_card":"summary_large_image","twitter_misc":{"Escrit per":"Nuria","Temps estimat de lectura":"2 minuts"},"schema":{"@context":"https:\/\/schema.org","@graph":[{"@type":"Article","@id":"https:\/\/www.lidemschool.com\/ca\/blog\/lidem-asiste-62-edicion-festival-annecy\/#article","isPartOf":{"@id":"https:\/\/www.lidemschool.com\/ca\/blog\/lidem-asiste-62-edicion-festival-annecy\/"},"author":{"name":"Nuria","@id":"https:\/\/www.lidemschool.com\/ca\/#\/schema\/person\/e799389631972a78b9cb9ae5ced992d8"},"headline":"L\u2019Idem assisteix a la 62a edici\u00f3 del Festival Annecy","datePublished":"2023-06-28T12:07:07+00:00","mainEntityOfPage":{"@id":"https:\/\/www.lidemschool.com\/ca\/blog\/lidem-asiste-62-edicion-festival-annecy\/"},"wordCount":497,"image":{"@id":"https:\/\/www.lidemschool.com\/ca\/blog\/lidem-asiste-62-edicion-festival-annecy\/#primaryimage"},"thumbnailUrl":"https:\/\/www.lidemschool.com\/wp-content\/uploads\/2023\/06\/annecy-2023-1.jpg","keywords":["animaci\u00f3n","annecy","Festival"],"articleSection":["Animaci\u00f3","Not\u00edcies"],"inLanguage":"ca"},{"@type":"WebPage","@id":"https:\/\/www.lidemschool.com\/ca\/blog\/lidem-asiste-62-edicion-festival-annecy\/","url":"https:\/\/www.lidemschool.com\/ca\/blog\/lidem-asiste-62-edicion-festival-annecy\/","name":"L\u2019Idem assisteix a la 62a edici\u00f3 del Festival Annecy","isPartOf":{"@id":"https:\/\/www.lidemschool.com\/ca\/#website"},"primaryImageOfPage":{"@id":"https:\/\/www.lidemschool.com\/ca\/blog\/lidem-asiste-62-edicion-festival-annecy\/#primaryimage"},"image":{"@id":"https:\/\/www.lidemschool.com\/ca\/blog\/lidem-asiste-62-edicion-festival-annecy\/#primaryimage"},"thumbnailUrl":"https:\/\/www.lidemschool.com\/wp-content\/uploads\/2023\/06\/annecy-2023-1.jpg","datePublished":"2023-06-28T12:07:07+00:00","author":{"@id":"https:\/\/www.lidemschool.com\/ca\/#\/schema\/person\/e799389631972a78b9cb9ae5ced992d8"},"description":"Un any m\u00e9s, el professorat i l'alumnat L'Idem assistir\u00e0 a Annecy 2023, el Festival Internacional de Cinema d'Animaci\u00f3 m\u00e9s important d'Europa.","breadcrumb":{"@id":"https:\/\/www.lidemschool.com\/ca\/blog\/lidem-asiste-62-edicion-festival-annecy\/#breadcrumb"},"inLanguage":"ca","potentialAction":[{"@type":"ReadAction","target":["https:\/\/www.lidemschool.com\/ca\/blog\/lidem-asiste-62-edicion-festival-annecy\/"]}]},{"@type":"ImageObject","inLanguage":"ca","@id":"https:\/\/www.lidemschool.com\/ca\/blog\/lidem-asiste-62-edicion-festival-annecy\/#primaryimage","url":"https:\/\/www.lidemschool.com\/wp-content\/uploads\/2023\/06\/annecy-2023-1.jpg","contentUrl":"https:\/\/www.lidemschool.com\/wp-content\/uploads\/2023\/06\/annecy-2023-1.jpg","width":723,"height":1023,"caption":"annecy 2023"},{"@type":"BreadcrumbList","@id":"https:\/\/www.lidemschool.com\/ca\/blog\/lidem-asiste-62-edicion-festival-annecy\/#breadcrumb","itemListElement":[{"@type":"ListItem","position":1,"name":"Home","item":"https:\/\/www.lidemschool.com\/ca\/home-2\/"},{"@type":"ListItem","position":2,"name":"L\u2019Idem assisteix a la 62a edici\u00f3 del Festival Annecy"}]},{"@type":"WebSite","@id":"https:\/\/www.lidemschool.com\/ca\/#website","url":"https:\/\/www.lidemschool.com\/ca\/","name":"L&#039;Idem Animation School","description":"L&#039;Idem Animation School","potentialAction":[{"@type":"SearchAction","target":{"@type":"EntryPoint","urlTemplate":"https:\/\/www.lidemschool.com\/ca\/?s={search_term_string}"},"query-input":{"@type":"PropertyValueSpecification","valueRequired":true,"valueName":"search_term_string"}}],"inLanguage":"ca"},{"@type":"Person","@id":"https:\/\/www.lidemschool.com\/ca\/#\/schema\/person\/e799389631972a78b9cb9ae5ced992d8","name":"Nuria","url":"https:\/\/www.lidemschool.com\/ca\/blog\/author\/kjtbkerqxyy80lgjuijo\/"}]}},"_links":{"self":[{"href":"https:\/\/www.lidemschool.com\/ca\/wp-json\/wp\/v2\/posts\/31669","targetHints":{"allow":["GET"]}}],"collection":[{"href":"https:\/\/www.lidemschool.com\/ca\/wp-json\/wp\/v2\/posts"}],"about":[{"href":"https:\/\/www.lidemschool.com\/ca\/wp-json\/wp\/v2\/types\/post"}],"author":[{"embeddable":true,"href":"https:\/\/www.lidemschool.com\/ca\/wp-json\/wp\/v2\/users\/7"}],"replies":[{"embeddable":true,"href":"https:\/\/www.lidemschool.com\/ca\/wp-json\/wp\/v2\/comments?post=31669"}],"version-history":[{"count":0,"href":"https:\/\/www.lidemschool.com\/ca\/wp-json\/wp\/v2\/posts\/31669\/revisions"}],"wp:featuredmedia":[{"embeddable":true,"href":"https:\/\/www.lidemschool.com\/ca\/wp-json\/wp\/v2\/media\/31500"}],"wp:attachment":[{"href":"https:\/\/www.lidemschool.com\/ca\/wp-json\/wp\/v2\/media?parent=31669"}],"wp:term":[{"taxonomy":"category","embeddable":true,"href":"https:\/\/www.lidemschool.com\/ca\/wp-json\/wp\/v2\/categories?post=31669"},{"taxonomy":"post_tag","embeddable":true,"href":"https:\/\/www.lidemschool.com\/ca\/wp-json\/wp\/v2\/tags?post=31669"}],"curies":[{"name":"wp","href":"https:\/\/api.w.org\/{rel}","templated":true}]}}