{"id":31666,"date":"2023-06-28T11:59:43","date_gmt":"2023-06-28T11:59:43","guid":{"rendered":"https:\/\/www.lidemschool.com\/blog\/mocca-i-the-sun-thief-seleccionats-al-festival-mecal-bcn\/"},"modified":"2023-06-28T11:59:43","modified_gmt":"2023-06-28T11:59:43","slug":"mocca-i-the-sun-thief-seleccionats-al-festival-mecal-bcn","status":"publish","type":"post","link":"https:\/\/www.lidemschool.com\/ca\/blog\/mocca-the-sun-thief-seleccionats-festival-mecal-bcn\/","title":{"rendered":"&#8216;Mocca&#8217; i &#8216;The Sun Thief&#8217; seleccionats al Festival Mecal BCN"},"content":{"rendered":"<p>Els curtmetratges <strong><a href=\"https:\/\/www.lidemschool.com\/blog\/el_cortometraje_mocca\/\" target=\"_blank\" rel=\"noopener\">Mocca<\/a><\/strong> i <a href=\"https:\/\/www.lidemschool.com\/blog\/the-sun-thief-curtmetratge\/\" target=\"_blank\" rel=\"noopener\"><strong>The sun Thief<\/strong><\/a> dels nostres alumnes de la promoci\u00f3 2021-22 han estat seleccionats per participar a <strong>Plan\u00e7\u00f3<\/strong>, el concurs de peces d&#8217;animaci\u00f3 de centres catalans. Aquesta secci\u00f3 s&#8217;engloba dins del <strong><a href=\"http:\/\/www.mecalbcn.org\/\">MECAL<\/a> Bcn<\/strong>, el Festival Internacional de Curtmetratges i Animaci\u00f3 de Barcelona que aquest any celebra la seva 25a edici\u00f3.<\/p>\n<h4><strong>Plan\u00e7\u00f3, punt de trobada professional<\/strong><\/h4>\n<p>Dins del Festival Mecal, Plan\u00e7\u00f3 esdev\u00e9 un punt de trobada entre estudiants i professionals on entren a concurs les peces d&#8217;animaci\u00f3 realitzades pels estudiants d&#8217;universitats i escoles catalanes.<\/p>\n<p>En aquesta secci\u00f3 es projectaran les peces finalistes i el p\u00fablic votar\u00e0 el curtmetratge guanyador. Posteriorment, hi haur\u00e0 una sessi\u00f3 de <em>networking<\/em> entre estudiants i professionals de l&#8217;animaci\u00f3. El premi dels guanyadors ser\u00e0 una acreditaci\u00f3 d&#8217;estudiants per al mercat MIFA (March\u00e9 International du Film d&#8217;Animation d&#8217;Annecy).<\/p>\n<p>La projecci\u00f3 ser\u00e0 el divendres\u00a0<strong>30 de juny<\/strong> a les 20h a hotel Voraport.<\/p>\n<p><strong>MOCCA<\/strong><\/p>\n<p><iframe loading=\"lazy\" title=\"Animaci\u00f3n 3D: Cortometraje &#039;Mocca&#039; | 3D Animation: &#039;Mocca&#039; shortfilm \u2615\" width=\"1080\" height=\"608\" src=\"https:\/\/www.youtube.com\/embed\/-T9z-KmlVyk?feature=oembed\"  allow=\"accelerometer; autoplay; clipboard-write; encrypted-media; gyroscope; picture-in-picture; web-share\" allowfullscreen><\/iframe><\/p>\n<p><strong>THE SUNF THIEF<\/strong><\/p>\n<p><iframe loading=\"lazy\" title=\"Animaci\u00f3n 2D: Cortometraje &#039;The sun thief&#039; | 2D Animation: &#039;The sun thief&#039; shortfilm \ud83c\udf1e\" width=\"1080\" height=\"608\" src=\"https:\/\/www.youtube.com\/embed\/3h7sQ3z0HCA?feature=oembed\"  allow=\"accelerometer; autoplay; clipboard-write; encrypted-media; gyroscope; picture-in-picture; web-share\" allowfullscreen><\/iframe><\/p>\n<p><strong>MECAL BCN, tornada als or\u00edgens<\/strong><\/p>\n<p>Del 29 de juny al 9 de juliol, Mecal exhibir\u00e0 m\u00e9s de 300 curtmetratges procedents de 110 pa\u00efsos que han participat a la convocat\u00f2ria.<\/p>\n<p>Aquest any el festival es despla\u00e7ar\u00e0 al districte del Poblenou i alguns espais com el <strong>Museu Can Framis<\/strong>, <strong>Hotel Acta Voraport<\/strong> acolliran les principals activitats del <strong>Mecal 2023<\/strong> i on es donaran cita professionals, estudiants i aficionats al m\u00f3n de l&#8217;audiovisual i els curtmetratges.<\/p>\n<p>L&#8217;entrada \u00e9s gratu\u00efta i es pot veure tot el programa a: <a href=\"http:\/\/www.mecalbcn.org\">www.mecalbcn.org<\/a><\/p>\n","protected":false},"excerpt":{"rendered":"<p>Els curtmetratges Mocca i The sun Thief dels nostres alumnes de la promoci\u00f3 2021-22 han estat seleccionats per participar a Plan\u00e7\u00f3, el concurs de peces d&#8217;animaci\u00f3 de centres catalans. Aquesta secci\u00f3 s&#8217;engloba dins del MECAL Bcn, el Festival Internacional de Curtmetratges i Animaci\u00f3 de Barcelona que aquest any celebra la seva 25a edici\u00f3. Plan\u00e7\u00f3, punt [&hellip;]<\/p>\n","protected":false},"author":7,"featured_media":31658,"comment_status":"closed","ping_status":"open","sticky":false,"template":"","format":"standard","meta":{"_et_pb_use_builder":"","_et_pb_old_content":"","_et_gb_content_width":"","content-type":"","inline_featured_image":false,"footnotes":""},"categories":[180],"tags":[451,750,794],"class_list":["post-31666","post","type-post","status-publish","format-standard","has-post-thumbnail","hentry","category-animacio","tag-animacion-2-ca","tag-animacion-2d-ca","tag-animacion-3d-ca"],"yoast_head":"<!-- This site is optimized with the Yoast SEO plugin v27.4 - https:\/\/yoast.com\/product\/yoast-seo-wordpress\/ -->\n<title>&#039;Mocca&#039; i &#039;The Sun Thief&#039; seleccionats al Festival Mecal BCN<\/title>\n<meta name=\"description\" content=\"Els curtmetratges Mocca i The sun Thief dels nostres alumnes de la promoci\u00f3 2021-22 han estat seleccionats per participar a Plan\u00e7\u00f3.\" \/>\n<meta name=\"robots\" content=\"index, follow, max-snippet:-1, max-image-preview:large, max-video-preview:-1\" \/>\n<link rel=\"canonical\" href=\"https:\/\/www.lidemschool.com\/ca\/blog\/mocca-the-sun-thief-seleccionats-festival-mecal-bcn\/\" \/>\n<meta property=\"og:locale\" content=\"ca_ES\" \/>\n<meta property=\"og:type\" content=\"article\" \/>\n<meta property=\"og:title\" content=\"&#039;Mocca&#039; i &#039;The Sun Thief&#039; seleccionats al Festival Mecal BCN\" \/>\n<meta property=\"og:description\" content=\"Els curtmetratges Mocca i The sun Thief dels nostres alumnes de la promoci\u00f3 2021-22 han estat seleccionats per participar a Plan\u00e7\u00f3.\" \/>\n<meta property=\"og:url\" content=\"https:\/\/www.lidemschool.com\/ca\/blog\/mocca-the-sun-thief-seleccionats-festival-mecal-bcn\/\" \/>\n<meta property=\"og:site_name\" content=\"L&#039;Idem Animation School\" \/>\n<meta property=\"article:published_time\" content=\"2023-06-28T11:59:43+00:00\" \/>\n<meta property=\"og:image\" content=\"https:\/\/www.lidemschool.com\/wp-content\/uploads\/2023\/06\/banner_mecal.png\" \/>\n\t<meta property=\"og:image:width\" content=\"960\" \/>\n\t<meta property=\"og:image:height\" content=\"356\" \/>\n\t<meta property=\"og:image:type\" content=\"image\/png\" \/>\n<meta name=\"author\" content=\"Nuria\" \/>\n<meta name=\"twitter:card\" content=\"summary_large_image\" \/>\n<meta name=\"twitter:label1\" content=\"Escrit per\" \/>\n\t<meta name=\"twitter:data1\" content=\"Nuria\" \/>\n\t<meta name=\"twitter:label2\" content=\"Temps estimat de lectura\" \/>\n\t<meta name=\"twitter:data2\" content=\"1 minut\" \/>\n<script type=\"application\/ld+json\" class=\"yoast-schema-graph\">{\"@context\":\"https:\\\/\\\/schema.org\",\"@graph\":[{\"@type\":\"Article\",\"@id\":\"https:\\\/\\\/www.lidemschool.com\\\/ca\\\/blog\\\/mocca-the-sun-thief-seleccionats-festival-mecal-bcn\\\/#article\",\"isPartOf\":{\"@id\":\"https:\\\/\\\/www.lidemschool.com\\\/ca\\\/blog\\\/mocca-the-sun-thief-seleccionats-festival-mecal-bcn\\\/\"},\"author\":{\"name\":\"Nuria\",\"@id\":\"https:\\\/\\\/www.lidemschool.com\\\/ca\\\/#\\\/schema\\\/person\\\/e799389631972a78b9cb9ae5ced992d8\"},\"headline\":\"&#8216;Mocca&#8217; i &#8216;The Sun Thief&#8217; seleccionats al Festival Mecal BCN\",\"datePublished\":\"2023-06-28T11:59:43+00:00\",\"mainEntityOfPage\":{\"@id\":\"https:\\\/\\\/www.lidemschool.com\\\/ca\\\/blog\\\/mocca-the-sun-thief-seleccionats-festival-mecal-bcn\\\/\"},\"wordCount\":271,\"image\":{\"@id\":\"https:\\\/\\\/www.lidemschool.com\\\/ca\\\/blog\\\/mocca-the-sun-thief-seleccionats-festival-mecal-bcn\\\/#primaryimage\"},\"thumbnailUrl\":\"https:\\\/\\\/www.lidemschool.com\\\/wp-content\\\/uploads\\\/2023\\\/06\\\/banner_mecal.png\",\"keywords\":[\"animaci\u00f3n\",\"animaci\u00f3n 2D\",\"animaci\u00f3n 3d\"],\"articleSection\":[\"Animaci\u00f3\"],\"inLanguage\":\"ca\"},{\"@type\":\"WebPage\",\"@id\":\"https:\\\/\\\/www.lidemschool.com\\\/ca\\\/blog\\\/mocca-the-sun-thief-seleccionats-festival-mecal-bcn\\\/\",\"url\":\"https:\\\/\\\/www.lidemschool.com\\\/ca\\\/blog\\\/mocca-the-sun-thief-seleccionats-festival-mecal-bcn\\\/\",\"name\":\"'Mocca' i 'The Sun Thief' seleccionats al Festival Mecal BCN\",\"isPartOf\":{\"@id\":\"https:\\\/\\\/www.lidemschool.com\\\/ca\\\/#website\"},\"primaryImageOfPage\":{\"@id\":\"https:\\\/\\\/www.lidemschool.com\\\/ca\\\/blog\\\/mocca-the-sun-thief-seleccionats-festival-mecal-bcn\\\/#primaryimage\"},\"image\":{\"@id\":\"https:\\\/\\\/www.lidemschool.com\\\/ca\\\/blog\\\/mocca-the-sun-thief-seleccionats-festival-mecal-bcn\\\/#primaryimage\"},\"thumbnailUrl\":\"https:\\\/\\\/www.lidemschool.com\\\/wp-content\\\/uploads\\\/2023\\\/06\\\/banner_mecal.png\",\"datePublished\":\"2023-06-28T11:59:43+00:00\",\"author\":{\"@id\":\"https:\\\/\\\/www.lidemschool.com\\\/ca\\\/#\\\/schema\\\/person\\\/e799389631972a78b9cb9ae5ced992d8\"},\"description\":\"Els curtmetratges Mocca i The sun Thief dels nostres alumnes de la promoci\u00f3 2021-22 han estat seleccionats per participar a Plan\u00e7\u00f3.\",\"breadcrumb\":{\"@id\":\"https:\\\/\\\/www.lidemschool.com\\\/ca\\\/blog\\\/mocca-the-sun-thief-seleccionats-festival-mecal-bcn\\\/#breadcrumb\"},\"inLanguage\":\"ca\",\"potentialAction\":[{\"@type\":\"ReadAction\",\"target\":[\"https:\\\/\\\/www.lidemschool.com\\\/ca\\\/blog\\\/mocca-the-sun-thief-seleccionats-festival-mecal-bcn\\\/\"]}]},{\"@type\":\"ImageObject\",\"inLanguage\":\"ca\",\"@id\":\"https:\\\/\\\/www.lidemschool.com\\\/ca\\\/blog\\\/mocca-the-sun-thief-seleccionats-festival-mecal-bcn\\\/#primaryimage\",\"url\":\"https:\\\/\\\/www.lidemschool.com\\\/wp-content\\\/uploads\\\/2023\\\/06\\\/banner_mecal.png\",\"contentUrl\":\"https:\\\/\\\/www.lidemschool.com\\\/wp-content\\\/uploads\\\/2023\\\/06\\\/banner_mecal.png\",\"width\":960,\"height\":356,\"caption\":\"mecal-bcn\"},{\"@type\":\"BreadcrumbList\",\"@id\":\"https:\\\/\\\/www.lidemschool.com\\\/ca\\\/blog\\\/mocca-the-sun-thief-seleccionats-festival-mecal-bcn\\\/#breadcrumb\",\"itemListElement\":[{\"@type\":\"ListItem\",\"position\":1,\"name\":\"Home\",\"item\":\"https:\\\/\\\/www.lidemschool.com\\\/ca\\\/home-2\\\/\"},{\"@type\":\"ListItem\",\"position\":2,\"name\":\"&#8216;Mocca&#8217; i &#8216;The Sun Thief&#8217; seleccionats al Festival Mecal BCN\"}]},{\"@type\":\"WebSite\",\"@id\":\"https:\\\/\\\/www.lidemschool.com\\\/ca\\\/#website\",\"url\":\"https:\\\/\\\/www.lidemschool.com\\\/ca\\\/\",\"name\":\"L&#039;Idem Animation School\",\"description\":\"L&#039;Idem Animation School\",\"potentialAction\":[{\"@type\":\"SearchAction\",\"target\":{\"@type\":\"EntryPoint\",\"urlTemplate\":\"https:\\\/\\\/www.lidemschool.com\\\/ca\\\/?s={search_term_string}\"},\"query-input\":{\"@type\":\"PropertyValueSpecification\",\"valueRequired\":true,\"valueName\":\"search_term_string\"}}],\"inLanguage\":\"ca\"},{\"@type\":\"Person\",\"@id\":\"https:\\\/\\\/www.lidemschool.com\\\/ca\\\/#\\\/schema\\\/person\\\/e799389631972a78b9cb9ae5ced992d8\",\"name\":\"Nuria\",\"url\":\"https:\\\/\\\/www.lidemschool.com\\\/ca\\\/blog\\\/author\\\/kjtbkerqxyy80lgjuijo\\\/\"}]}<\/script>\n<!-- \/ Yoast SEO plugin. -->","yoast_head_json":{"title":"'Mocca' i 'The Sun Thief' seleccionats al Festival Mecal BCN","description":"Els curtmetratges Mocca i The sun Thief dels nostres alumnes de la promoci\u00f3 2021-22 han estat seleccionats per participar a Plan\u00e7\u00f3.","robots":{"index":"index","follow":"follow","max-snippet":"max-snippet:-1","max-image-preview":"max-image-preview:large","max-video-preview":"max-video-preview:-1"},"canonical":"https:\/\/www.lidemschool.com\/ca\/blog\/mocca-the-sun-thief-seleccionats-festival-mecal-bcn\/","og_locale":"ca_ES","og_type":"article","og_title":"'Mocca' i 'The Sun Thief' seleccionats al Festival Mecal BCN","og_description":"Els curtmetratges Mocca i The sun Thief dels nostres alumnes de la promoci\u00f3 2021-22 han estat seleccionats per participar a Plan\u00e7\u00f3.","og_url":"https:\/\/www.lidemschool.com\/ca\/blog\/mocca-the-sun-thief-seleccionats-festival-mecal-bcn\/","og_site_name":"L&#039;Idem Animation School","article_published_time":"2023-06-28T11:59:43+00:00","og_image":[{"width":960,"height":356,"url":"https:\/\/www.lidemschool.com\/wp-content\/uploads\/2023\/06\/banner_mecal.png","type":"image\/png"}],"author":"Nuria","twitter_card":"summary_large_image","twitter_misc":{"Escrit per":"Nuria","Temps estimat de lectura":"1 minut"},"schema":{"@context":"https:\/\/schema.org","@graph":[{"@type":"Article","@id":"https:\/\/www.lidemschool.com\/ca\/blog\/mocca-the-sun-thief-seleccionats-festival-mecal-bcn\/#article","isPartOf":{"@id":"https:\/\/www.lidemschool.com\/ca\/blog\/mocca-the-sun-thief-seleccionats-festival-mecal-bcn\/"},"author":{"name":"Nuria","@id":"https:\/\/www.lidemschool.com\/ca\/#\/schema\/person\/e799389631972a78b9cb9ae5ced992d8"},"headline":"&#8216;Mocca&#8217; i &#8216;The Sun Thief&#8217; seleccionats al Festival Mecal BCN","datePublished":"2023-06-28T11:59:43+00:00","mainEntityOfPage":{"@id":"https:\/\/www.lidemschool.com\/ca\/blog\/mocca-the-sun-thief-seleccionats-festival-mecal-bcn\/"},"wordCount":271,"image":{"@id":"https:\/\/www.lidemschool.com\/ca\/blog\/mocca-the-sun-thief-seleccionats-festival-mecal-bcn\/#primaryimage"},"thumbnailUrl":"https:\/\/www.lidemschool.com\/wp-content\/uploads\/2023\/06\/banner_mecal.png","keywords":["animaci\u00f3n","animaci\u00f3n 2D","animaci\u00f3n 3d"],"articleSection":["Animaci\u00f3"],"inLanguage":"ca"},{"@type":"WebPage","@id":"https:\/\/www.lidemschool.com\/ca\/blog\/mocca-the-sun-thief-seleccionats-festival-mecal-bcn\/","url":"https:\/\/www.lidemschool.com\/ca\/blog\/mocca-the-sun-thief-seleccionats-festival-mecal-bcn\/","name":"'Mocca' i 'The Sun Thief' seleccionats al Festival Mecal BCN","isPartOf":{"@id":"https:\/\/www.lidemschool.com\/ca\/#website"},"primaryImageOfPage":{"@id":"https:\/\/www.lidemschool.com\/ca\/blog\/mocca-the-sun-thief-seleccionats-festival-mecal-bcn\/#primaryimage"},"image":{"@id":"https:\/\/www.lidemschool.com\/ca\/blog\/mocca-the-sun-thief-seleccionats-festival-mecal-bcn\/#primaryimage"},"thumbnailUrl":"https:\/\/www.lidemschool.com\/wp-content\/uploads\/2023\/06\/banner_mecal.png","datePublished":"2023-06-28T11:59:43+00:00","author":{"@id":"https:\/\/www.lidemschool.com\/ca\/#\/schema\/person\/e799389631972a78b9cb9ae5ced992d8"},"description":"Els curtmetratges Mocca i The sun Thief dels nostres alumnes de la promoci\u00f3 2021-22 han estat seleccionats per participar a Plan\u00e7\u00f3.","breadcrumb":{"@id":"https:\/\/www.lidemschool.com\/ca\/blog\/mocca-the-sun-thief-seleccionats-festival-mecal-bcn\/#breadcrumb"},"inLanguage":"ca","potentialAction":[{"@type":"ReadAction","target":["https:\/\/www.lidemschool.com\/ca\/blog\/mocca-the-sun-thief-seleccionats-festival-mecal-bcn\/"]}]},{"@type":"ImageObject","inLanguage":"ca","@id":"https:\/\/www.lidemschool.com\/ca\/blog\/mocca-the-sun-thief-seleccionats-festival-mecal-bcn\/#primaryimage","url":"https:\/\/www.lidemschool.com\/wp-content\/uploads\/2023\/06\/banner_mecal.png","contentUrl":"https:\/\/www.lidemschool.com\/wp-content\/uploads\/2023\/06\/banner_mecal.png","width":960,"height":356,"caption":"mecal-bcn"},{"@type":"BreadcrumbList","@id":"https:\/\/www.lidemschool.com\/ca\/blog\/mocca-the-sun-thief-seleccionats-festival-mecal-bcn\/#breadcrumb","itemListElement":[{"@type":"ListItem","position":1,"name":"Home","item":"https:\/\/www.lidemschool.com\/ca\/home-2\/"},{"@type":"ListItem","position":2,"name":"&#8216;Mocca&#8217; i &#8216;The Sun Thief&#8217; seleccionats al Festival Mecal BCN"}]},{"@type":"WebSite","@id":"https:\/\/www.lidemschool.com\/ca\/#website","url":"https:\/\/www.lidemschool.com\/ca\/","name":"L&#039;Idem Animation School","description":"L&#039;Idem Animation School","potentialAction":[{"@type":"SearchAction","target":{"@type":"EntryPoint","urlTemplate":"https:\/\/www.lidemschool.com\/ca\/?s={search_term_string}"},"query-input":{"@type":"PropertyValueSpecification","valueRequired":true,"valueName":"search_term_string"}}],"inLanguage":"ca"},{"@type":"Person","@id":"https:\/\/www.lidemschool.com\/ca\/#\/schema\/person\/e799389631972a78b9cb9ae5ced992d8","name":"Nuria","url":"https:\/\/www.lidemschool.com\/ca\/blog\/author\/kjtbkerqxyy80lgjuijo\/"}]}},"_links":{"self":[{"href":"https:\/\/www.lidemschool.com\/ca\/wp-json\/wp\/v2\/posts\/31666","targetHints":{"allow":["GET"]}}],"collection":[{"href":"https:\/\/www.lidemschool.com\/ca\/wp-json\/wp\/v2\/posts"}],"about":[{"href":"https:\/\/www.lidemschool.com\/ca\/wp-json\/wp\/v2\/types\/post"}],"author":[{"embeddable":true,"href":"https:\/\/www.lidemschool.com\/ca\/wp-json\/wp\/v2\/users\/7"}],"replies":[{"embeddable":true,"href":"https:\/\/www.lidemschool.com\/ca\/wp-json\/wp\/v2\/comments?post=31666"}],"version-history":[{"count":0,"href":"https:\/\/www.lidemschool.com\/ca\/wp-json\/wp\/v2\/posts\/31666\/revisions"}],"wp:featuredmedia":[{"embeddable":true,"href":"https:\/\/www.lidemschool.com\/ca\/wp-json\/wp\/v2\/media\/31658"}],"wp:attachment":[{"href":"https:\/\/www.lidemschool.com\/ca\/wp-json\/wp\/v2\/media?parent=31666"}],"wp:term":[{"taxonomy":"category","embeddable":true,"href":"https:\/\/www.lidemschool.com\/ca\/wp-json\/wp\/v2\/categories?post=31666"},{"taxonomy":"post_tag","embeddable":true,"href":"https:\/\/www.lidemschool.com\/ca\/wp-json\/wp\/v2\/tags?post=31666"}],"curies":[{"name":"wp","href":"https:\/\/api.w.org\/{rel}","templated":true}]}}