{"id":30823,"date":"2023-04-27T20:52:35","date_gmt":"2023-04-27T20:52:35","guid":{"rendered":"https:\/\/www.lidemschool.com\/blog\/lidem-barcelona-a-animayo-2023\/"},"modified":"2023-04-27T20:52:36","modified_gmt":"2023-04-27T20:52:36","slug":"lidem-barcelona-a-animayo-2023","status":"publish","type":"post","link":"https:\/\/www.lidemschool.com\/ca\/blog\/lidem-barcelona-en-el-festival-animayo\/","title":{"rendered":"L\u2019Idem Barcelona a ANIMAYO 2023"},"content":{"rendered":"<p>[et_pb_section fb_built=&#8221;1&#8243; admin_label=&#8221;section&#8221; _builder_version=&#8221;3.22&#8243; global_colors_info=&#8221;{}&#8221;][et_pb_row admin_label=&#8221;row&#8221; _builder_version=&#8221;3.25&#8243; background_size=&#8221;initial&#8221; background_position=&#8221;top_left&#8221; background_repeat=&#8221;repeat&#8221; global_colors_info=&#8221;{}&#8221;][et_pb_column type=&#8221;4_4&#8243; _builder_version=&#8221;3.25&#8243; custom_padding=&#8221;|||&#8221; global_colors_info=&#8221;{}&#8221; custom_padding__hover=&#8221;|||&#8221;][et_pb_text _builder_version=&#8221;4.14.8&#8243; _module_preset=&#8221;default&#8221; global_colors_info=&#8221;{}&#8221;]<\/p>\n<p>L&#8217;Idem Barcelona ser\u00e0 present a la 18a edici\u00f3 de <strong><a href=\"https:\/\/www.animayo.com\/\" target=\"_blank\" rel=\"noopener\">ANIMAYO<\/a>, el Festival Internacional d&#8217;Animaci\u00f3, VFX i Videojocs<\/strong> que se celebrar\u00e0 del 3 al 6 de maig a l&#8217;espai CICCA i al Teatre Guiniguada de Gran Can\u00e0ria.<\/p>\n<p>M\u00e9s de 40 convidats i ponents de primer nivell impartiran 14 Classes Magistrals, pon\u00e8ncies, tallers i 12 productores participaran en una sessi\u00f3 de <em>recruitments <\/em>i networkings professionals.<\/p>\n<p>Entre les productores participants, aquest any comptar\u00e0 amb empreses referents del sector com: <strong>Skydance Animation<\/strong>, <strong>Axis Studios<\/strong>, <strong>ReDefine, Ghost VFX<\/strong>, <strong>Fortiche<\/strong>, <strong>Studio Nowake<\/strong>, <strong>bWater Animation Studios<\/strong>, <strong>Atlantis Animation<\/strong>, <strong>3Doubles Produccions<\/strong>, <strong>Amuse Studios<\/strong>, <strong>M\u00f3n TV Studios<\/strong>, <strong>BMCaff Studio<\/strong> i <strong>Anima Kitchent<\/strong>.<\/p>\n<p>[\/et_pb_text][\/et_pb_column][\/et_pb_row][et_pb_row admin_label=&#8221;row&#8221; _builder_version=&#8221;3.25&#8243; background_size=&#8221;initial&#8221; background_position=&#8221;top_left&#8221; background_repeat=&#8221;repeat&#8221; global_colors_info=&#8221;{}&#8221;][et_pb_column type=&#8221;4_4&#8243; _builder_version=&#8221;3.25&#8243; custom_padding=&#8221;|||&#8221; global_colors_info=&#8221;{}&#8221; custom_padding__hover=&#8221;|||&#8221;][et_pb_image src=&#8221;https:\/\/www.lidemschool.com\/wp-content\/uploads\/2023\/04\/signe-vinther.jpg&#8221; alt=&#8221;signe-vinther-animayo-2023&#8243; title_text=&#8221;signe-vinther-animayo-2023&#8243; align=&#8221;center&#8221; _builder_version=&#8221;4.14.8&#8243; _module_preset=&#8221;default&#8221; background_enable_image=&#8221;off&#8221; global_colors_info=&#8221;{}&#8221;][\/et_pb_image][et_pb_text _builder_version=&#8221;4.14.8&#8243; _module_preset=&#8221;default&#8221; hover_enabled=&#8221;0&#8243; global_colors_info=&#8221;{}&#8221; sticky_enabled=&#8221;0&#8243;]<\/p>\n<h4><strong>Masterclass: Signe Vinther<\/strong><\/h4>\n<p>L&#8217;Idem Barcelona patrocina la Masterclass de <strong>Signe Vinther<\/strong>, VFX Producer i Artist Manager que parlar\u00e0 de la seva traject\u00f2ria en empreses com Ghost VFX, havent format part de projectes tan destacats com <em>Rogue One : Una hist\u00f2ria de Star Wars: Els \u00faltims Jedi<\/em>; <em>StarTrek<\/em>, <em>Black Panther<\/em> o la s\u00e8rie de televisi\u00f3<em> The Walking Dead<\/em>.<\/p>\n<p>[\/et_pb_text][\/et_pb_column][\/et_pb_row][et_pb_row admin_label=&#8221;row&#8221; _builder_version=&#8221;3.25&#8243; background_size=&#8221;initial&#8221; background_position=&#8221;top_left&#8221; background_repeat=&#8221;repeat&#8221; global_colors_info=&#8221;{}&#8221;][et_pb_column type=&#8221;4_4&#8243; _builder_version=&#8221;3.25&#8243; custom_padding=&#8221;|||&#8221; global_colors_info=&#8221;{}&#8221; custom_padding__hover=&#8221;|||&#8221;][et_pb_text _builder_version=&#8221;4.14.8&#8243; _module_preset=&#8221;default&#8221; hover_enabled=&#8221;0&#8243; global_colors_info=&#8221;{}&#8221; sticky_enabled=&#8221;0&#8243;]<\/p>\n<h4><strong>Pon\u00e8ncies en l\u00ednia amb professors de L\u2019Idem Barcelona<\/strong><\/h4>\n<p>Els professors de L&#8217;Idem Barcelona faran diferents pon\u00e8ncies en l\u00ednia. D&#8217;una banda, Antonio Santamar\u00eda realitzar\u00e0 el workshop de <strong>Storyboard-Screen Direction in Filmmaking<\/strong>. En aquest taller en l\u00ednia s&#8217;analitzar\u00e0 com tractar la realitzaci\u00f3 d&#8217;un storyboard per aconseguir que els personatges es moguin de manera coherent i amb sentit des del punt de vista de l&#8217;audi\u00e8ncia:<\/p>\n<ul>\n<li><span data-contrast=\"auto\">Screen direction en narrativa occidental versus narrativa oriental.<\/span><\/li>\n<li>Direcci\u00f3 d&#8217;idea un lloc versus direcci\u00f3 de tornada d&#8217;aquest mateix lloc (camera left vs camera right).<\/li>\n<li>Relaci\u00f3 amb el salt d&#8217;eix i la regla dels 180\u00ba.<\/li>\n<li>Com canviar l&#8217;adre\u00e7a de pantalla en seq\u00fc\u00e8ncia.<\/li>\n<li>Progressi\u00f3 de la posici\u00f3 en pantalla del personatge per crear dinamisme visual dins de la direcci\u00f3 en pantalla.<\/li>\n<\/ul>\n<p>[\/et_pb_text][\/et_pb_column][\/et_pb_row][et_pb_row column_structure=&#8221;1_2,1_2&#8243; admin_label=&#8221;row&#8221; _builder_version=&#8221;3.25&#8243; background_size=&#8221;initial&#8221; background_position=&#8221;top_left&#8221; background_repeat=&#8221;repeat&#8221; global_colors_info=&#8221;{}&#8221;][et_pb_column type=&#8221;1_2&#8243; _builder_version=&#8221;3.25&#8243; custom_padding=&#8221;|||&#8221; global_colors_info=&#8221;{}&#8221; custom_padding__hover=&#8221;|||&#8221;][et_pb_image src=&#8221;https:\/\/www.lidemschool.com\/wp-content\/uploads\/2023\/04\/4.jpg&#8221; alt=&#8221;taller storyboard screen direction antonio santamaria b&#039;ars&#8221; title_text=&#8221;4&#8243; _builder_version=&#8221;4.14.8&#8243; _module_preset=&#8221;default&#8221; hover_enabled=&#8221;0&#8243; global_colors_info=&#8221;{}&#8221; sticky_enabled=&#8221;0&#8243;][\/et_pb_image][et_pb_button button_url=&#8221;https:\/\/www.animayo.com\/?accion=avance_gc_2023&#8243; url_new_window=&#8221;on&#8221; button_text=&#8221;M\u00e1s informaci\u00f3n&#8221; button_alignment=&#8221;left&#8221; _builder_version=&#8221;4.14.8&#8243; _module_preset=&#8221;default&#8221; global_colors_info=&#8221;{}&#8221;][\/et_pb_button][\/et_pb_column][et_pb_column type=&#8221;1_2&#8243; _builder_version=&#8221;3.25&#8243; custom_padding=&#8221;|||&#8221; global_colors_info=&#8221;{}&#8221; custom_padding__hover=&#8221;|||&#8221;][et_pb_text _builder_version=&#8221;4.14.8&#8243; _module_preset=&#8221;default&#8221; global_colors_info=&#8221;{}&#8221;]<\/p>\n<h3>Storyboard: Screen direction a Filmmaking<u><\/u><\/h3>\n<ul>\n<li class=\"m_-8760125050587698438MsoListParagraph\">Docent: <a href=\"https:\/\/www.lidemschool.com\/ca\/professorat\/antonio-jesus-santamaria-ramirez\/\" target=\"_blank\" rel=\"noopener\"><u><\/u><u><\/u><\/li>\n<li class=\"m_-8760125050587698438MsoListParagraph\">Idioma: catal\u00e0<u><\/u><\/li>\n<li class=\"m_-8760125050587698438MsoListParagraph\">Format: on line<\/li>\n<li>Nivell mitj\u00e0-alt<\/li>\n<\/ul>\n<p>[\/et_pb_text][\/et_pb_column][\/et_pb_row][et_pb_row admin_label=&#8221;row&#8221; _builder_version=&#8221;3.25&#8243; background_size=&#8221;initial&#8221; background_position=&#8221;top_left&#8221; background_repeat=&#8221;repeat&#8221; global_colors_info=&#8221;{}&#8221;][et_pb_column type=&#8221;4_4&#8243; _builder_version=&#8221;3.25&#8243; custom_padding=&#8221;|||&#8221; global_colors_info=&#8221;{}&#8221; custom_padding__hover=&#8221;|||&#8221;][et_pb_text _builder_version=&#8221;4.14.8&#8243; _module_preset=&#8221;default&#8221; hover_enabled=&#8221;0&#8243; global_colors_info=&#8221;{}&#8221; sticky_enabled=&#8221;0&#8243;]<\/p>\n<p>D&#8217;altra banda, el nostre professor Eduardo Morales, oferir\u00e0 el taller online <strong>Marmoset: Preparant un portfoli Real-Time. <\/strong>En aquesta pon\u00e8ncia online s&#8217;oferir\u00e0 una petita demostraci\u00f3 de com utilitzar les tools b\u00e0siques de Marmoset Toolbag, un motor de render Real-Time molt utilitzat en la ind\u00fastria del gaming per fer showcase de portfoli. <span data-contrast=\"auto\">Eduardo repassar\u00e0 alguns conceptes b\u00e0sics i es preparar\u00e0 un treball finalitzat per presentar en plataformes de portfoli com Artstation, per exemple.<\/span><\/p>\n<p>[\/et_pb_text][\/et_pb_column][\/et_pb_row][et_pb_row column_structure=&#8221;1_2,1_2&#8243; admin_label=&#8221;row&#8221; _builder_version=&#8221;3.25&#8243; background_size=&#8221;initial&#8221; background_position=&#8221;top_left&#8221; background_repeat=&#8221;repeat&#8221; global_colors_info=&#8221;{}&#8221;][et_pb_column type=&#8221;1_2&#8243; _builder_version=&#8221;3.25&#8243; custom_padding=&#8221;|||&#8221; global_colors_info=&#8221;{}&#8221; custom_padding__hover=&#8221;|||&#8221;][et_pb_text _builder_version=&#8221;4.14.8&#8243; _module_preset=&#8221;default&#8221; hover_enabled=&#8221;0&#8243; global_colors_info=&#8221;{}&#8221; sticky_enabled=&#8221;0&#8243;]<\/p>\n<h3><span class=\"NormalTextRun SpellingErrorV2Themed SCXW25703151 BCX9\" data-ccp-charstyle=\"ui-provider\">Marmoset<\/span><span class=\"NormalTextRun SCXW25703151 BCX9\" >: Preparant el teu portfoli Real-Time<\/span><u><\/u><\/h3>\n<ul>\n<li class=\"m_-8760125050587698438MsoListParagraph\">Docent: <a href=\"https:\/\/www.lidemschool.com\/ca\/professorat\/eduardo-morales-ojeda\/\" target=\"_blank\" rel=\"noopener\"><strong Eduardo Morales<\/strong><\/a><u><\/u><u><\/u><\/li>\n<li class=\"m_-8760125050587698438MsoListParagraph\">Idioma: catal\u00e0<u><\/u><\/li>\n<li class=\"m_-8760125050587698438MsoListParagraph\">Format: on line<\/li>\n<li>Nivell mitj\u00e0<\/li>\n<\/ul>\n<p>[\/et_pb_text][\/et_pb_column][et_pb_column type=&#8221;1_2&#8243; _builder_version=&#8221;3.25&#8243; custom_padding=&#8221;|||&#8221; global_colors_info=&#8221;{}&#8221; custom_padding__hover=&#8221;|||&#8221;][et_pb_image src=&#8221;https:\/\/www.lidemschool.com\/wp-content\/uploads\/2021\/10\/eduardo-morales.jpg&#8221; alt=&#8221;eduardo-morales&#8221; _builder_version=&#8221;4.14.8&#8243; _module_preset=&#8221;default&#8221; hover_enabled=&#8221;0&#8243; global_colors_info=&#8221;{}&#8221; title_text=&#8221;eduardo-morales&#8221; sticky_enabled=&#8221;0&#8243;][\/et_pb_image][et_pb_button button_url=&#8221;https:\/\/www.lidemschool.com\/ca\/professorat\/eduardo-morales-ojeda\/&#8221; url_new_window=&#8221;on&#8221; button_text=&#8221;M\u00e1s informaci\u00f3n&#8221; button_alignment=&#8221;left&#8221; _builder_version=&#8221;4.14.8&#8243; _module_preset=&#8221;default&#8221; hover_enabled=&#8221;0&#8243; global_colors_info=&#8221;{}&#8221; sticky_enabled=&#8221;0&#8243;][\/et_pb_button][\/et_pb_column][\/et_pb_row][et_pb_row _builder_version=&#8221;4.14.8&#8243; _module_preset=&#8221;default&#8221; global_colors_info=&#8221;{}&#8221;][et_pb_column type=&#8221;4_4&#8243; _builder_version=&#8221;4.14.8&#8243; _module_preset=&#8221;default&#8221; global_colors_info=&#8221;{}&#8221;][et_pb_text _builder_version=&#8221;4.14.8&#8243; _module_preset=&#8221;default&#8221; global_colors_info=&#8221;{}&#8221;]<\/p>\n<h4><strong>Beques Talent Animayo<\/strong><\/h4>\n<p>L\u2019Idem cerca talents que vulguin desenvolupar la seva carrera professional dins de les Arts Creatives Digitals. Atorguem m\u00e9s de 10.000 \u20ac en 2 beques per cursar <a href=\"https:\/\/www.lidemschool.com\/ca\/estudis-superiors\/animacio-2d-3d-i-videojocs\/\" target=\"_blank\" rel=\"noopener\"><strong>Animaci\u00f3 2D-3D\/Videojocs<\/strong><\/a> i 2 beques per a <a href=\"https:\/\/www.lidemschool.com\/ca\/estudis-superiors\/disseny-digital\/\" target=\"_blank\" rel=\"noopener\"><strong>International Digital Design<\/strong><\/a>.<\/p>\n<p><strong>Pots inscriure&#8217;t a les beques abans del 31 de juny<\/strong>. Nom\u00e9s s&#8217;aplicaran al primer any d&#8217;estudi i no seran acumulables. Si necessites saber tota la informaci\u00f3 respecte a aquestes beques, comptarem amb un estand informatiu al festival per resoldre tots els dubtes sobre el nostre programa educatiu. Vine a visitar-nos!<\/p>\n<h4><strong>Un festival de primer nivell<\/strong><\/h4>\n<p>Animayo \u00e9s el primer i \u00fanic festival a Espanya atorgat com a &#8216;Festival Qualificador&#8217; per l&#8217;Acad\u00e8mia de les Arts i les Ci\u00e8ncies Cinematogr\u00e0fiques de Hollywood per als premis Oscars en la categoria de millor curtmetratge d&#8217;animaci\u00f3. A m\u00e9s, aquest any s&#8217;han presentat a concurs un total de 705 obres de pa\u00efsos com Fran\u00e7a, Taiwan, Espanya, M\u00e8xic, \u00cdndia, Xina, Pol\u00f2nia, Turquia, Indon\u00e8sia, Hongria, Estats Units o Alemanya.<\/p>\n<p>Pots consultar tot el programa complet del festival al seg\u00fcent enlla\u00e7: <a href=\"https:\/\/www.animayo.com\/?accion=avance_gc_2023\"><strong>Animayo 2023<\/strong><\/a> <\/p>\n<p>&nbsp;<\/p>\n<p>[\/et_pb_text][\/et_pb_column][\/et_pb_row][\/et_pb_section]<\/p>\n","protected":false},"excerpt":{"rendered":"<p>L&#8217;Idem Barcelona ser\u00e0 present a la 18a edici\u00f3 de ANIMAYO, el Festival Internacional d&#8217;Animaci\u00f3, VFX i Videojocs que se celebrar\u00e0 del 3 al 6 de maig a l&#8217;espai CICCA i al Teatre Guiniguada de Gran Can\u00e0ria. M\u00e9s de 40 convidats i ponents de primer nivell impartiran 14 Classes Magistrals, pon\u00e8ncies, tallers i 12 productores participaran [&hellip;]<\/p>\n","protected":false},"author":7,"featured_media":30766,"comment_status":"closed","ping_status":"open","sticky":false,"template":"","format":"standard","meta":{"_et_pb_use_builder":"on","_et_pb_old_content":"","_et_gb_content_width":"","content-type":"","inline_featured_image":false,"footnotes":""},"categories":[38,39],"tags":[451,780],"class_list":["post-30823","post","type-post","status-publish","format-standard","has-post-thumbnail","hentry","category-animacion","category-noticias","tag-animacion-2-ca","tag-animayo-ca"],"yoast_head":"<!-- This site is optimized with the Yoast SEO plugin v27.4 - https:\/\/yoast.com\/product\/yoast-seo-wordpress\/ -->\n<title>L\u2019Idem Barcelona a ANIMAYO 2023<\/title>\n<meta name=\"description\" content=\"L&#039;Idem Barcelona participar\u00e0 aquest any a ANIMAYO Gran Can\u00e0ria 2023, el Festival Internacional d&#039;Animaci\u00f3, VFX i Videojocs.\" \/>\n<meta name=\"robots\" content=\"index, follow, max-snippet:-1, max-image-preview:large, max-video-preview:-1\" \/>\n<link rel=\"canonical\" href=\"https:\/\/www.lidemschool.com\/ca\/blog\/lidem-barcelona-en-el-festival-animayo\/\" \/>\n<meta property=\"og:locale\" content=\"ca_ES\" \/>\n<meta property=\"og:type\" content=\"article\" \/>\n<meta property=\"og:title\" content=\"L\u2019Idem Barcelona a ANIMAYO 2023\" \/>\n<meta property=\"og:description\" content=\"L&#039;Idem Barcelona participar\u00e0 aquest any a ANIMAYO Gran Can\u00e0ria 2023, el Festival Internacional d&#039;Animaci\u00f3, VFX i Videojocs.\" \/>\n<meta property=\"og:url\" content=\"https:\/\/www.lidemschool.com\/ca\/blog\/lidem-barcelona-en-el-festival-animayo\/\" \/>\n<meta property=\"og:site_name\" content=\"L&#039;Idem Animation School\" \/>\n<meta property=\"article:published_time\" content=\"2023-04-27T20:52:35+00:00\" \/>\n<meta property=\"article:modified_time\" content=\"2023-04-27T20:52:36+00:00\" \/>\n<meta property=\"og:image\" content=\"https:\/\/www.lidemschool.com\/wp-content\/uploads\/2023\/04\/animayo-2023.png\" \/>\n\t<meta property=\"og:image:width\" content=\"1000\" \/>\n\t<meta property=\"og:image:height\" content=\"625\" \/>\n\t<meta property=\"og:image:type\" content=\"image\/png\" \/>\n<meta name=\"author\" content=\"Nuria\" \/>\n<meta name=\"twitter:card\" content=\"summary_large_image\" \/>\n<meta name=\"twitter:label1\" content=\"Escrit per\" \/>\n\t<meta name=\"twitter:data1\" content=\"Nuria\" \/>\n\t<meta name=\"twitter:label2\" content=\"Temps estimat de lectura\" \/>\n\t<meta name=\"twitter:data2\" content=\"4 minuts\" \/>\n<script type=\"application\/ld+json\" class=\"yoast-schema-graph\">{\"@context\":\"https:\\\/\\\/schema.org\",\"@graph\":[{\"@type\":\"Article\",\"@id\":\"https:\\\/\\\/www.lidemschool.com\\\/ca\\\/blog\\\/lidem-barcelona-en-el-festival-animayo\\\/#article\",\"isPartOf\":{\"@id\":\"https:\\\/\\\/www.lidemschool.com\\\/ca\\\/blog\\\/lidem-barcelona-en-el-festival-animayo\\\/\"},\"author\":{\"name\":\"Nuria\",\"@id\":\"https:\\\/\\\/www.lidemschool.com\\\/ca\\\/#\\\/schema\\\/person\\\/e799389631972a78b9cb9ae5ced992d8\"},\"headline\":\"L\u2019Idem Barcelona a ANIMAYO 2023\",\"datePublished\":\"2023-04-27T20:52:35+00:00\",\"dateModified\":\"2023-04-27T20:52:36+00:00\",\"mainEntityOfPage\":{\"@id\":\"https:\\\/\\\/www.lidemschool.com\\\/ca\\\/blog\\\/lidem-barcelona-en-el-festival-animayo\\\/\"},\"wordCount\":885,\"image\":{\"@id\":\"https:\\\/\\\/www.lidemschool.com\\\/ca\\\/blog\\\/lidem-barcelona-en-el-festival-animayo\\\/#primaryimage\"},\"thumbnailUrl\":\"https:\\\/\\\/www.lidemschool.com\\\/wp-content\\\/uploads\\\/2023\\\/04\\\/animayo-2023.png\",\"keywords\":[\"animaci\u00f3n\",\"Animayo\"],\"articleSection\":[\"Animaci\u00f3n\",\"Noticias\"],\"inLanguage\":\"ca\"},{\"@type\":\"WebPage\",\"@id\":\"https:\\\/\\\/www.lidemschool.com\\\/ca\\\/blog\\\/lidem-barcelona-en-el-festival-animayo\\\/\",\"url\":\"https:\\\/\\\/www.lidemschool.com\\\/ca\\\/blog\\\/lidem-barcelona-en-el-festival-animayo\\\/\",\"name\":\"L\u2019Idem Barcelona a ANIMAYO 2023\",\"isPartOf\":{\"@id\":\"https:\\\/\\\/www.lidemschool.com\\\/ca\\\/#website\"},\"primaryImageOfPage\":{\"@id\":\"https:\\\/\\\/www.lidemschool.com\\\/ca\\\/blog\\\/lidem-barcelona-en-el-festival-animayo\\\/#primaryimage\"},\"image\":{\"@id\":\"https:\\\/\\\/www.lidemschool.com\\\/ca\\\/blog\\\/lidem-barcelona-en-el-festival-animayo\\\/#primaryimage\"},\"thumbnailUrl\":\"https:\\\/\\\/www.lidemschool.com\\\/wp-content\\\/uploads\\\/2023\\\/04\\\/animayo-2023.png\",\"datePublished\":\"2023-04-27T20:52:35+00:00\",\"dateModified\":\"2023-04-27T20:52:36+00:00\",\"author\":{\"@id\":\"https:\\\/\\\/www.lidemschool.com\\\/ca\\\/#\\\/schema\\\/person\\\/e799389631972a78b9cb9ae5ced992d8\"},\"description\":\"L'Idem Barcelona participar\u00e0 aquest any a ANIMAYO Gran Can\u00e0ria 2023, el Festival Internacional d'Animaci\u00f3, VFX i Videojocs.\",\"breadcrumb\":{\"@id\":\"https:\\\/\\\/www.lidemschool.com\\\/ca\\\/blog\\\/lidem-barcelona-en-el-festival-animayo\\\/#breadcrumb\"},\"inLanguage\":\"ca\",\"potentialAction\":[{\"@type\":\"ReadAction\",\"target\":[\"https:\\\/\\\/www.lidemschool.com\\\/ca\\\/blog\\\/lidem-barcelona-en-el-festival-animayo\\\/\"]}]},{\"@type\":\"ImageObject\",\"inLanguage\":\"ca\",\"@id\":\"https:\\\/\\\/www.lidemschool.com\\\/ca\\\/blog\\\/lidem-barcelona-en-el-festival-animayo\\\/#primaryimage\",\"url\":\"https:\\\/\\\/www.lidemschool.com\\\/wp-content\\\/uploads\\\/2023\\\/04\\\/animayo-2023.png\",\"contentUrl\":\"https:\\\/\\\/www.lidemschool.com\\\/wp-content\\\/uploads\\\/2023\\\/04\\\/animayo-2023.png\",\"width\":1000,\"height\":625,\"caption\":\"animayo-2023\"},{\"@type\":\"BreadcrumbList\",\"@id\":\"https:\\\/\\\/www.lidemschool.com\\\/ca\\\/blog\\\/lidem-barcelona-en-el-festival-animayo\\\/#breadcrumb\",\"itemListElement\":[{\"@type\":\"ListItem\",\"position\":1,\"name\":\"Home\",\"item\":\"https:\\\/\\\/www.lidemschool.com\\\/ca\\\/home-2\\\/\"},{\"@type\":\"ListItem\",\"position\":2,\"name\":\"L\u2019Idem Barcelona a ANIMAYO 2023\"}]},{\"@type\":\"WebSite\",\"@id\":\"https:\\\/\\\/www.lidemschool.com\\\/ca\\\/#website\",\"url\":\"https:\\\/\\\/www.lidemschool.com\\\/ca\\\/\",\"name\":\"L&#039;Idem Animation School\",\"description\":\"L&#039;Idem Animation School\",\"potentialAction\":[{\"@type\":\"SearchAction\",\"target\":{\"@type\":\"EntryPoint\",\"urlTemplate\":\"https:\\\/\\\/www.lidemschool.com\\\/ca\\\/?s={search_term_string}\"},\"query-input\":{\"@type\":\"PropertyValueSpecification\",\"valueRequired\":true,\"valueName\":\"search_term_string\"}}],\"inLanguage\":\"ca\"},{\"@type\":\"Person\",\"@id\":\"https:\\\/\\\/www.lidemschool.com\\\/ca\\\/#\\\/schema\\\/person\\\/e799389631972a78b9cb9ae5ced992d8\",\"name\":\"Nuria\",\"url\":\"https:\\\/\\\/www.lidemschool.com\\\/ca\\\/blog\\\/author\\\/kjtbkerqxyy80lgjuijo\\\/\"}]}<\/script>\n<!-- \/ Yoast SEO plugin. -->","yoast_head_json":{"title":"L\u2019Idem Barcelona a ANIMAYO 2023","description":"L'Idem Barcelona participar\u00e0 aquest any a ANIMAYO Gran Can\u00e0ria 2023, el Festival Internacional d'Animaci\u00f3, VFX i Videojocs.","robots":{"index":"index","follow":"follow","max-snippet":"max-snippet:-1","max-image-preview":"max-image-preview:large","max-video-preview":"max-video-preview:-1"},"canonical":"https:\/\/www.lidemschool.com\/ca\/blog\/lidem-barcelona-en-el-festival-animayo\/","og_locale":"ca_ES","og_type":"article","og_title":"L\u2019Idem Barcelona a ANIMAYO 2023","og_description":"L'Idem Barcelona participar\u00e0 aquest any a ANIMAYO Gran Can\u00e0ria 2023, el Festival Internacional d'Animaci\u00f3, VFX i Videojocs.","og_url":"https:\/\/www.lidemschool.com\/ca\/blog\/lidem-barcelona-en-el-festival-animayo\/","og_site_name":"L&#039;Idem Animation School","article_published_time":"2023-04-27T20:52:35+00:00","article_modified_time":"2023-04-27T20:52:36+00:00","og_image":[{"width":1000,"height":625,"url":"https:\/\/www.lidemschool.com\/wp-content\/uploads\/2023\/04\/animayo-2023.png","type":"image\/png"}],"author":"Nuria","twitter_card":"summary_large_image","twitter_misc":{"Escrit per":"Nuria","Temps estimat de lectura":"4 minuts"},"schema":{"@context":"https:\/\/schema.org","@graph":[{"@type":"Article","@id":"https:\/\/www.lidemschool.com\/ca\/blog\/lidem-barcelona-en-el-festival-animayo\/#article","isPartOf":{"@id":"https:\/\/www.lidemschool.com\/ca\/blog\/lidem-barcelona-en-el-festival-animayo\/"},"author":{"name":"Nuria","@id":"https:\/\/www.lidemschool.com\/ca\/#\/schema\/person\/e799389631972a78b9cb9ae5ced992d8"},"headline":"L\u2019Idem Barcelona a ANIMAYO 2023","datePublished":"2023-04-27T20:52:35+00:00","dateModified":"2023-04-27T20:52:36+00:00","mainEntityOfPage":{"@id":"https:\/\/www.lidemschool.com\/ca\/blog\/lidem-barcelona-en-el-festival-animayo\/"},"wordCount":885,"image":{"@id":"https:\/\/www.lidemschool.com\/ca\/blog\/lidem-barcelona-en-el-festival-animayo\/#primaryimage"},"thumbnailUrl":"https:\/\/www.lidemschool.com\/wp-content\/uploads\/2023\/04\/animayo-2023.png","keywords":["animaci\u00f3n","Animayo"],"articleSection":["Animaci\u00f3n","Noticias"],"inLanguage":"ca"},{"@type":"WebPage","@id":"https:\/\/www.lidemschool.com\/ca\/blog\/lidem-barcelona-en-el-festival-animayo\/","url":"https:\/\/www.lidemschool.com\/ca\/blog\/lidem-barcelona-en-el-festival-animayo\/","name":"L\u2019Idem Barcelona a ANIMAYO 2023","isPartOf":{"@id":"https:\/\/www.lidemschool.com\/ca\/#website"},"primaryImageOfPage":{"@id":"https:\/\/www.lidemschool.com\/ca\/blog\/lidem-barcelona-en-el-festival-animayo\/#primaryimage"},"image":{"@id":"https:\/\/www.lidemschool.com\/ca\/blog\/lidem-barcelona-en-el-festival-animayo\/#primaryimage"},"thumbnailUrl":"https:\/\/www.lidemschool.com\/wp-content\/uploads\/2023\/04\/animayo-2023.png","datePublished":"2023-04-27T20:52:35+00:00","dateModified":"2023-04-27T20:52:36+00:00","author":{"@id":"https:\/\/www.lidemschool.com\/ca\/#\/schema\/person\/e799389631972a78b9cb9ae5ced992d8"},"description":"L'Idem Barcelona participar\u00e0 aquest any a ANIMAYO Gran Can\u00e0ria 2023, el Festival Internacional d'Animaci\u00f3, VFX i Videojocs.","breadcrumb":{"@id":"https:\/\/www.lidemschool.com\/ca\/blog\/lidem-barcelona-en-el-festival-animayo\/#breadcrumb"},"inLanguage":"ca","potentialAction":[{"@type":"ReadAction","target":["https:\/\/www.lidemschool.com\/ca\/blog\/lidem-barcelona-en-el-festival-animayo\/"]}]},{"@type":"ImageObject","inLanguage":"ca","@id":"https:\/\/www.lidemschool.com\/ca\/blog\/lidem-barcelona-en-el-festival-animayo\/#primaryimage","url":"https:\/\/www.lidemschool.com\/wp-content\/uploads\/2023\/04\/animayo-2023.png","contentUrl":"https:\/\/www.lidemschool.com\/wp-content\/uploads\/2023\/04\/animayo-2023.png","width":1000,"height":625,"caption":"animayo-2023"},{"@type":"BreadcrumbList","@id":"https:\/\/www.lidemschool.com\/ca\/blog\/lidem-barcelona-en-el-festival-animayo\/#breadcrumb","itemListElement":[{"@type":"ListItem","position":1,"name":"Home","item":"https:\/\/www.lidemschool.com\/ca\/home-2\/"},{"@type":"ListItem","position":2,"name":"L\u2019Idem Barcelona a ANIMAYO 2023"}]},{"@type":"WebSite","@id":"https:\/\/www.lidemschool.com\/ca\/#website","url":"https:\/\/www.lidemschool.com\/ca\/","name":"L&#039;Idem Animation School","description":"L&#039;Idem Animation School","potentialAction":[{"@type":"SearchAction","target":{"@type":"EntryPoint","urlTemplate":"https:\/\/www.lidemschool.com\/ca\/?s={search_term_string}"},"query-input":{"@type":"PropertyValueSpecification","valueRequired":true,"valueName":"search_term_string"}}],"inLanguage":"ca"},{"@type":"Person","@id":"https:\/\/www.lidemschool.com\/ca\/#\/schema\/person\/e799389631972a78b9cb9ae5ced992d8","name":"Nuria","url":"https:\/\/www.lidemschool.com\/ca\/blog\/author\/kjtbkerqxyy80lgjuijo\/"}]}},"_links":{"self":[{"href":"https:\/\/www.lidemschool.com\/ca\/wp-json\/wp\/v2\/posts\/30823","targetHints":{"allow":["GET"]}}],"collection":[{"href":"https:\/\/www.lidemschool.com\/ca\/wp-json\/wp\/v2\/posts"}],"about":[{"href":"https:\/\/www.lidemschool.com\/ca\/wp-json\/wp\/v2\/types\/post"}],"author":[{"embeddable":true,"href":"https:\/\/www.lidemschool.com\/ca\/wp-json\/wp\/v2\/users\/7"}],"replies":[{"embeddable":true,"href":"https:\/\/www.lidemschool.com\/ca\/wp-json\/wp\/v2\/comments?post=30823"}],"version-history":[{"count":2,"href":"https:\/\/www.lidemschool.com\/ca\/wp-json\/wp\/v2\/posts\/30823\/revisions"}],"predecessor-version":[{"id":30825,"href":"https:\/\/www.lidemschool.com\/ca\/wp-json\/wp\/v2\/posts\/30823\/revisions\/30825"}],"wp:featuredmedia":[{"embeddable":true,"href":"https:\/\/www.lidemschool.com\/ca\/wp-json\/wp\/v2\/media\/30766"}],"wp:attachment":[{"href":"https:\/\/www.lidemschool.com\/ca\/wp-json\/wp\/v2\/media?parent=30823"}],"wp:term":[{"taxonomy":"category","embeddable":true,"href":"https:\/\/www.lidemschool.com\/ca\/wp-json\/wp\/v2\/categories?post=30823"},{"taxonomy":"post_tag","embeddable":true,"href":"https:\/\/www.lidemschool.com\/ca\/wp-json\/wp\/v2\/tags?post=30823"}],"curies":[{"name":"wp","href":"https:\/\/api.w.org\/{rel}","templated":true}]}}