{"id":19018,"date":"2022-05-28T11:25:04","date_gmt":"2022-05-28T11:25:04","guid":{"rendered":"https:\/\/www.lidemschool.com\/?p=17288"},"modified":"2022-07-18T09:19:10","modified_gmt":"2022-07-18T09:19:10","slug":"lidem-france-inaugura-dos-estudis-dedicats-al-metavers","status":"publish","type":"post","link":"https:\/\/www.lidemschool.com\/ca\/blog\/lidem-france-inaugura-dos-estudis-dedicats-al-metavers\/","title":{"rendered":"L\u2019Idem France inaugura dos estudis dedicats al metavers"},"content":{"rendered":"<p>[et_pb_section fb_built=&#8221;1&#8243; _builder_version=&#8221;4.14.9&#8243; _module_preset=&#8221;default&#8221; global_colors_info=&#8221;{}&#8221;][et_pb_row _builder_version=&#8221;4.14.9&#8243; _module_preset=&#8221;default&#8221; global_colors_info=&#8221;{}&#8221;][et_pb_column type=&#8221;4_4&#8243; _builder_version=&#8221;4.14.9&#8243; _module_preset=&#8221;default&#8221; global_colors_info=&#8221;{}&#8221;][et_pb_text _builder_version=&#8221;4.14.8&#8243; _module_preset=&#8221;default&#8221; hover_enabled=&#8221;0&#8243; global_colors_info=&#8221;{}&#8221; sticky_enabled=&#8221;0&#8243;]<\/p>\n<div class=\"traductor-textarea form-group\">\n<div class=\"textarea-desti col-xs-12 col-sm-6\">\n<p class=\"form-control second-textarea\"><a href=\"https:\/\/lidem.eu\/\">L\u2019Idem France<\/a> ha inaugurat <strong>dos estudis audiovisuals dedicats al metavers<\/strong> de la m\u00e0 de Jean-Michel Jarre, el pioner de la m\u00fasica electr\u00f2nica a Fran\u00e7a. M\u00fasic amb m\u00e9s de 85 milions de discos venuts, Jarre porta d\u00e8cades reinventant cont\u00ednuament el vincle entre la m\u00fasica i la tecnologia. \u201cL\u2019Idem \u00e9s un exemple unificador sobre el tema dels metaversos o la tecnologia amb un enfocament m\u00e9s cerebral de la creaci\u00f3 i un altre m\u00e9s intu\u00eftiu\u201d, ha declarat el m\u00fasic i compositor, padr\u00ed dels nous estudis.<\/p>\n<div class=\"traductor-textarea form-group\">\n<div class=\"textarea-desti col-xs-12 col-sm-6\">\n<div class=\"form-control second-textarea\">\n<div class=\"traductor-textarea form-group\">\n<div class=\"textarea-desti col-xs-12 col-sm-6\">\n<p class=\"form-control second-textarea\">Equipats amb l&#8217;\u00faltima tecnologia, aquests espais estan concebuts com un lloc de creaci\u00f3 i col\u00b7laboraci\u00f3 entorn de la imatge, el so i la immersi\u00f3. Amb aquests nous equipaments de la Vaig citar Digitale du Soler L\u2019Idem aposta per desenvolupar un sector totalment dedicat a la ind\u00fastria del metavers. A m\u00e9s i en col\u00b7laboraci\u00f3 amb les empreses membres del P\u00f4le Action M\u00e9dia de Perpignan, com l&#8217;empresa especialitzada en realitat virtusl VRrOOm, L\u2019Idem ha creat el M\u00e9taLab. Un laboratori orientat als mitjans de comunicaci\u00f3 i al metaverso. Amb aquest projecte, L\u2019Idem demostra la seva connexi\u00f3 amb els avan\u00e7os de la tecnologia i la seva sintonia amb les noves tend\u00e8ncies de les ind\u00fastries creatives. D&#8217;aquesta manera, els estudiants i professionals de la instituci\u00f3 estaran preparats per a les professions del dem\u00e0.<\/p>\n<p>Els alumnes de tots els campus de L&#8217;<span class=\"hiddenSpellError\">Idem<\/span>\u00a0<span class=\"hiddenSpellError\">Creative Arts<\/span>\u00a0<span class=\"hiddenSpellError\">School<\/span> poden fer \u00fas d&#8217;aquestes noves instal\u00b7lacions, situades al nou campus de Le Soler.<\/p>\n<\/div>\n<\/div>\n<\/div>\n<\/div>\n<\/div>\n<div class=\"traductor-checkbox form-group\">\n<div class=\"row\">\n<p class=\"col-sm-offset-2 col-sm-5\">\n<\/div>\n<\/div>\n<\/div>\n<\/div>\n<div class=\"traductor-checkbox form-group\">\n<div class=\"row\">\n<div class=\"col-sm-offset-2 col-sm-5\">\u00a0<\/div>\n<\/div>\n<\/div>\n<p>[\/et_pb_text][et_pb_text _builder_version=&#8221;4.14.8&#8243; _module_preset=&#8221;default&#8221; hover_enabled=&#8221;0&#8243; global_colors_info=&#8221;{}&#8221; sticky_enabled=&#8221;0&#8243;]<\/p>\n<div class=\"traductor-textarea form-group\">\n<div class=\"textarea-desti col-xs-12 col-sm-6\">\n<div class=\"form-control second-textarea\">\n<div class=\"traductor-textarea form-group\">\n<div class=\"textarea-desti col-xs-12 col-sm-6\">\n<div class=\"form-control second-textarea\">Equipats amb <strong>l&#8217;\u00faltima tecnologia<\/strong>, aquests espais estan concebuts com un lloc de creaci\u00f3 i col\u00b7laboraci\u00f3 entorn de la imatge, el so i la immersi\u00f3. Amb aquests nous equipaments de la Vaig citar Digitale du Soler L\u2019Idem aposta per desenvolupar un sector totalment dedicat a la <strong>ind\u00fastria del metavers<\/strong>. A m\u00e9s i en col\u00b7laboraci\u00f3 amb les empreses membres del P\u00f4le Action M\u00e9dia de Perpignan, com l&#8217;empresa especialitzada en realitat virtusl VRrOOm, L\u2019Idem ha creat el M\u00e9taLab. Un laboratori orientat als mitjans de comunicaci\u00f3 i al metaverso. Amb aquest projecte, L\u2019Idem demostra la seva <strong>connexi\u00f3 amb els avan\u00e7os de la tecnologia<\/strong> i la seva <strong>sintonia amb les noves tend\u00e8ncies<\/strong> de les ind\u00fastries creatives. D&#8217;aquesta manera, els estudiants i professionals de la instituci\u00f3 estaran preparats per a les professions del dem\u00e0.<\/div>\n<div>\u00a0<\/div>\n<\/div>\n<\/div>\n<div>Els alumnes de tots els campus de L&#8217;<span class=\"hiddenSpellError\">Idem<\/span>\u00a0<span class=\"hiddenSpellError\">Creative<\/span>\u00a0<span class=\"hiddenSpellError\">School<\/span>\u00a0<span class=\"hiddenSpellError\">of<\/span>\u00a0Arts poden fer \u00fas d&#8217;aquestes noves\u00a0instal\u00b7lacions.<\/div>\n<\/div>\n<\/div>\n<\/div>\n<div class=\"traductor-checkbox form-group\">\n<div class=\"row\">\n<div class=\"col-sm-offset-2 col-sm-5\">\u00a0<\/div>\n<\/div>\n<\/div>\n<p>[\/et_pb_text][\/et_pb_column][\/et_pb_row][\/et_pb_section]<\/p>\n","protected":false},"excerpt":{"rendered":"<p>L\u2019Idem France ha inaugurat dos estudis audiovisuals dedicats al metavers de la m\u00e0 de Jean-Michel Jarre, el pioner de la m\u00fasica electr\u00f2nica a Fran\u00e7a. M\u00fasic amb m\u00e9s de 85 milions de discos venuts, Jarre porta d\u00e8cades reinventant cont\u00ednuament el vincle entre la m\u00fasica i la tecnologia. \u201cL\u2019Idem \u00e9s un exemple unificador sobre el tema dels [&hellip;]<\/p>\n","protected":false},"author":6,"featured_media":18826,"comment_status":"closed","ping_status":"open","sticky":false,"template":"","format":"standard","meta":{"_et_pb_use_builder":"on","_et_pb_old_content":"","_et_gb_content_width":"","content-type":"","inline_featured_image":false,"footnotes":""},"categories":[182],"tags":[421],"class_list":["post-19018","post","type-post","status-publish","format-standard","has-post-thumbnail","hentry","category-noticies","tag-metavers"],"yoast_head":"<!-- This site is optimized with the Yoast SEO plugin v27.4 - https:\/\/yoast.com\/product\/yoast-seo-wordpress\/ -->\n<title>L&#039;Idem Barcelona - L\u2019Idem France inaugura estudis dedicats al metavers<\/title>\n<meta name=\"description\" content=\"L&#039;Idem France ha obert dos estudis audiovisuals al campus de Le Soler per desenvolupar el sector dedicat a la ind\u00fastria del metavers.\" \/>\n<meta name=\"robots\" content=\"index, follow, max-snippet:-1, max-image-preview:large, max-video-preview:-1\" \/>\n<link rel=\"canonical\" href=\"https:\/\/www.lidemschool.com\/ca\/blog\/lidem-france-inaugura-dos-estudis-dedicats-al-metavers\/\" \/>\n<meta property=\"og:locale\" content=\"ca_ES\" \/>\n<meta property=\"og:type\" content=\"article\" \/>\n<meta property=\"og:title\" content=\"L&#039;Idem Barcelona - L\u2019Idem France inaugura estudis dedicats al metavers\" \/>\n<meta property=\"og:description\" content=\"L&#039;Idem France ha obert dos estudis audiovisuals al campus de Le Soler per desenvolupar el sector dedicat a la ind\u00fastria del metavers.\" \/>\n<meta property=\"og:url\" content=\"https:\/\/www.lidemschool.com\/ca\/blog\/lidem-france-inaugura-dos-estudis-dedicats-al-metavers\/\" \/>\n<meta property=\"og:site_name\" content=\"L&#039;Idem Animation School\" \/>\n<meta property=\"article:published_time\" content=\"2022-05-28T11:25:04+00:00\" \/>\n<meta property=\"article:modified_time\" content=\"2022-07-18T09:19:10+00:00\" \/>\n<meta property=\"og:image\" content=\"https:\/\/www.lidemschool.com\/wp-content\/uploads\/2025\/06\/Tendencias-animacion.jpg\" \/>\n\t<meta property=\"og:image:width\" content=\"1080\" \/>\n\t<meta property=\"og:image:height\" content=\"1920\" \/>\n\t<meta property=\"og:image:type\" content=\"image\/jpeg\" \/>\n<meta name=\"author\" content=\"Maria\" \/>\n<meta name=\"twitter:card\" content=\"summary_large_image\" \/>\n<meta name=\"twitter:label1\" content=\"Escrit per\" \/>\n\t<meta name=\"twitter:data1\" content=\"Maria\" \/>\n\t<meta name=\"twitter:label2\" content=\"Temps estimat de lectura\" \/>\n\t<meta name=\"twitter:data2\" content=\"3 minuts\" \/>\n<script type=\"application\/ld+json\" class=\"yoast-schema-graph\">{\"@context\":\"https:\\\/\\\/schema.org\",\"@graph\":[{\"@type\":\"Article\",\"@id\":\"https:\\\/\\\/www.lidemschool.com\\\/ca\\\/blog\\\/lidem-france-inaugura-dos-estudis-dedicats-al-metavers\\\/#article\",\"isPartOf\":{\"@id\":\"https:\\\/\\\/www.lidemschool.com\\\/ca\\\/blog\\\/lidem-france-inaugura-dos-estudis-dedicats-al-metavers\\\/\"},\"author\":{\"name\":\"Maria\",\"@id\":\"https:\\\/\\\/www.lidemschool.com\\\/ca\\\/#\\\/schema\\\/person\\\/eb7be502025159826cd6f644693f38d5\"},\"headline\":\"L\u2019Idem France inaugura dos estudis dedicats al metavers\",\"datePublished\":\"2022-05-28T11:25:04+00:00\",\"dateModified\":\"2022-07-18T09:19:10+00:00\",\"mainEntityOfPage\":{\"@id\":\"https:\\\/\\\/www.lidemschool.com\\\/ca\\\/blog\\\/lidem-france-inaugura-dos-estudis-dedicats-al-metavers\\\/\"},\"wordCount\":521,\"image\":{\"@id\":\"https:\\\/\\\/www.lidemschool.com\\\/ca\\\/blog\\\/lidem-france-inaugura-dos-estudis-dedicats-al-metavers\\\/#primaryimage\"},\"thumbnailUrl\":\"\",\"keywords\":[\"metavers\"],\"articleSection\":[\"Not\u00edcies\"],\"inLanguage\":\"ca\"},{\"@type\":\"WebPage\",\"@id\":\"https:\\\/\\\/www.lidemschool.com\\\/ca\\\/blog\\\/lidem-france-inaugura-dos-estudis-dedicats-al-metavers\\\/\",\"url\":\"https:\\\/\\\/www.lidemschool.com\\\/ca\\\/blog\\\/lidem-france-inaugura-dos-estudis-dedicats-al-metavers\\\/\",\"name\":\"L'Idem Barcelona - L\u2019Idem France inaugura estudis dedicats al metavers\",\"isPartOf\":{\"@id\":\"https:\\\/\\\/www.lidemschool.com\\\/ca\\\/#website\"},\"primaryImageOfPage\":{\"@id\":\"https:\\\/\\\/www.lidemschool.com\\\/ca\\\/blog\\\/lidem-france-inaugura-dos-estudis-dedicats-al-metavers\\\/#primaryimage\"},\"image\":{\"@id\":\"https:\\\/\\\/www.lidemschool.com\\\/ca\\\/blog\\\/lidem-france-inaugura-dos-estudis-dedicats-al-metavers\\\/#primaryimage\"},\"thumbnailUrl\":\"\",\"datePublished\":\"2022-05-28T11:25:04+00:00\",\"dateModified\":\"2022-07-18T09:19:10+00:00\",\"author\":{\"@id\":\"https:\\\/\\\/www.lidemschool.com\\\/ca\\\/#\\\/schema\\\/person\\\/eb7be502025159826cd6f644693f38d5\"},\"description\":\"L'Idem France ha obert dos estudis audiovisuals al campus de Le Soler per desenvolupar el sector dedicat a la ind\u00fastria del metavers.\",\"breadcrumb\":{\"@id\":\"https:\\\/\\\/www.lidemschool.com\\\/ca\\\/blog\\\/lidem-france-inaugura-dos-estudis-dedicats-al-metavers\\\/#breadcrumb\"},\"inLanguage\":\"ca\",\"potentialAction\":[{\"@type\":\"ReadAction\",\"target\":[\"https:\\\/\\\/www.lidemschool.com\\\/ca\\\/blog\\\/lidem-france-inaugura-dos-estudis-dedicats-al-metavers\\\/\"]}]},{\"@type\":\"ImageObject\",\"inLanguage\":\"ca\",\"@id\":\"https:\\\/\\\/www.lidemschool.com\\\/ca\\\/blog\\\/lidem-france-inaugura-dos-estudis-dedicats-al-metavers\\\/#primaryimage\",\"url\":\"\",\"contentUrl\":\"\",\"width\":1200,\"height\":630,\"caption\":\"idem france inaugura estudis metavers\"},{\"@type\":\"BreadcrumbList\",\"@id\":\"https:\\\/\\\/www.lidemschool.com\\\/ca\\\/blog\\\/lidem-france-inaugura-dos-estudis-dedicats-al-metavers\\\/#breadcrumb\",\"itemListElement\":[{\"@type\":\"ListItem\",\"position\":1,\"name\":\"Home\",\"item\":\"https:\\\/\\\/www.lidemschool.com\\\/ca\\\/home-2\\\/\"},{\"@type\":\"ListItem\",\"position\":2,\"name\":\"L\u2019Idem France inaugura dos estudis dedicats al metavers\"}]},{\"@type\":\"WebSite\",\"@id\":\"https:\\\/\\\/www.lidemschool.com\\\/ca\\\/#website\",\"url\":\"https:\\\/\\\/www.lidemschool.com\\\/ca\\\/\",\"name\":\"L&#039;Idem Animation School\",\"description\":\"L&#039;Idem Animation School\",\"potentialAction\":[{\"@type\":\"SearchAction\",\"target\":{\"@type\":\"EntryPoint\",\"urlTemplate\":\"https:\\\/\\\/www.lidemschool.com\\\/ca\\\/?s={search_term_string}\"},\"query-input\":{\"@type\":\"PropertyValueSpecification\",\"valueRequired\":true,\"valueName\":\"search_term_string\"}}],\"inLanguage\":\"ca\"},{\"@type\":\"Person\",\"@id\":\"https:\\\/\\\/www.lidemschool.com\\\/ca\\\/#\\\/schema\\\/person\\\/eb7be502025159826cd6f644693f38d5\",\"name\":\"Maria\",\"url\":\"https:\\\/\\\/www.lidemschool.com\\\/ca\\\/blog\\\/author\\\/qxrlu5hswn5lbx8lg6wm\\\/\"}]}<\/script>\n<!-- \/ Yoast SEO plugin. -->","yoast_head_json":{"title":"L'Idem Barcelona - L\u2019Idem France inaugura estudis dedicats al metavers","description":"L'Idem France ha obert dos estudis audiovisuals al campus de Le Soler per desenvolupar el sector dedicat a la ind\u00fastria del metavers.","robots":{"index":"index","follow":"follow","max-snippet":"max-snippet:-1","max-image-preview":"max-image-preview:large","max-video-preview":"max-video-preview:-1"},"canonical":"https:\/\/www.lidemschool.com\/ca\/blog\/lidem-france-inaugura-dos-estudis-dedicats-al-metavers\/","og_locale":"ca_ES","og_type":"article","og_title":"L'Idem Barcelona - L\u2019Idem France inaugura estudis dedicats al metavers","og_description":"L'Idem France ha obert dos estudis audiovisuals al campus de Le Soler per desenvolupar el sector dedicat a la ind\u00fastria del metavers.","og_url":"https:\/\/www.lidemschool.com\/ca\/blog\/lidem-france-inaugura-dos-estudis-dedicats-al-metavers\/","og_site_name":"L&#039;Idem Animation School","article_published_time":"2022-05-28T11:25:04+00:00","article_modified_time":"2022-07-18T09:19:10+00:00","og_image":[{"width":1080,"height":1920,"url":"https:\/\/www.lidemschool.com\/wp-content\/uploads\/2025\/06\/Tendencias-animacion.jpg","type":"image\/jpeg"}],"author":"Maria","twitter_card":"summary_large_image","twitter_misc":{"Escrit per":"Maria","Temps estimat de lectura":"3 minuts"},"schema":{"@context":"https:\/\/schema.org","@graph":[{"@type":"Article","@id":"https:\/\/www.lidemschool.com\/ca\/blog\/lidem-france-inaugura-dos-estudis-dedicats-al-metavers\/#article","isPartOf":{"@id":"https:\/\/www.lidemschool.com\/ca\/blog\/lidem-france-inaugura-dos-estudis-dedicats-al-metavers\/"},"author":{"name":"Maria","@id":"https:\/\/www.lidemschool.com\/ca\/#\/schema\/person\/eb7be502025159826cd6f644693f38d5"},"headline":"L\u2019Idem France inaugura dos estudis dedicats al metavers","datePublished":"2022-05-28T11:25:04+00:00","dateModified":"2022-07-18T09:19:10+00:00","mainEntityOfPage":{"@id":"https:\/\/www.lidemschool.com\/ca\/blog\/lidem-france-inaugura-dos-estudis-dedicats-al-metavers\/"},"wordCount":521,"image":{"@id":"https:\/\/www.lidemschool.com\/ca\/blog\/lidem-france-inaugura-dos-estudis-dedicats-al-metavers\/#primaryimage"},"thumbnailUrl":"","keywords":["metavers"],"articleSection":["Not\u00edcies"],"inLanguage":"ca"},{"@type":"WebPage","@id":"https:\/\/www.lidemschool.com\/ca\/blog\/lidem-france-inaugura-dos-estudis-dedicats-al-metavers\/","url":"https:\/\/www.lidemschool.com\/ca\/blog\/lidem-france-inaugura-dos-estudis-dedicats-al-metavers\/","name":"L'Idem Barcelona - L\u2019Idem France inaugura estudis dedicats al metavers","isPartOf":{"@id":"https:\/\/www.lidemschool.com\/ca\/#website"},"primaryImageOfPage":{"@id":"https:\/\/www.lidemschool.com\/ca\/blog\/lidem-france-inaugura-dos-estudis-dedicats-al-metavers\/#primaryimage"},"image":{"@id":"https:\/\/www.lidemschool.com\/ca\/blog\/lidem-france-inaugura-dos-estudis-dedicats-al-metavers\/#primaryimage"},"thumbnailUrl":"","datePublished":"2022-05-28T11:25:04+00:00","dateModified":"2022-07-18T09:19:10+00:00","author":{"@id":"https:\/\/www.lidemschool.com\/ca\/#\/schema\/person\/eb7be502025159826cd6f644693f38d5"},"description":"L'Idem France ha obert dos estudis audiovisuals al campus de Le Soler per desenvolupar el sector dedicat a la ind\u00fastria del metavers.","breadcrumb":{"@id":"https:\/\/www.lidemschool.com\/ca\/blog\/lidem-france-inaugura-dos-estudis-dedicats-al-metavers\/#breadcrumb"},"inLanguage":"ca","potentialAction":[{"@type":"ReadAction","target":["https:\/\/www.lidemschool.com\/ca\/blog\/lidem-france-inaugura-dos-estudis-dedicats-al-metavers\/"]}]},{"@type":"ImageObject","inLanguage":"ca","@id":"https:\/\/www.lidemschool.com\/ca\/blog\/lidem-france-inaugura-dos-estudis-dedicats-al-metavers\/#primaryimage","url":"","contentUrl":"","width":1200,"height":630,"caption":"idem france inaugura estudis metavers"},{"@type":"BreadcrumbList","@id":"https:\/\/www.lidemschool.com\/ca\/blog\/lidem-france-inaugura-dos-estudis-dedicats-al-metavers\/#breadcrumb","itemListElement":[{"@type":"ListItem","position":1,"name":"Home","item":"https:\/\/www.lidemschool.com\/ca\/home-2\/"},{"@type":"ListItem","position":2,"name":"L\u2019Idem France inaugura dos estudis dedicats al metavers"}]},{"@type":"WebSite","@id":"https:\/\/www.lidemschool.com\/ca\/#website","url":"https:\/\/www.lidemschool.com\/ca\/","name":"L&#039;Idem Animation School","description":"L&#039;Idem Animation School","potentialAction":[{"@type":"SearchAction","target":{"@type":"EntryPoint","urlTemplate":"https:\/\/www.lidemschool.com\/ca\/?s={search_term_string}"},"query-input":{"@type":"PropertyValueSpecification","valueRequired":true,"valueName":"search_term_string"}}],"inLanguage":"ca"},{"@type":"Person","@id":"https:\/\/www.lidemschool.com\/ca\/#\/schema\/person\/eb7be502025159826cd6f644693f38d5","name":"Maria","url":"https:\/\/www.lidemschool.com\/ca\/blog\/author\/qxrlu5hswn5lbx8lg6wm\/"}]}},"_links":{"self":[{"href":"https:\/\/www.lidemschool.com\/ca\/wp-json\/wp\/v2\/posts\/19018","targetHints":{"allow":["GET"]}}],"collection":[{"href":"https:\/\/www.lidemschool.com\/ca\/wp-json\/wp\/v2\/posts"}],"about":[{"href":"https:\/\/www.lidemschool.com\/ca\/wp-json\/wp\/v2\/types\/post"}],"author":[{"embeddable":true,"href":"https:\/\/www.lidemschool.com\/ca\/wp-json\/wp\/v2\/users\/6"}],"replies":[{"embeddable":true,"href":"https:\/\/www.lidemschool.com\/ca\/wp-json\/wp\/v2\/comments?post=19018"}],"version-history":[{"count":2,"href":"https:\/\/www.lidemschool.com\/ca\/wp-json\/wp\/v2\/posts\/19018\/revisions"}],"predecessor-version":[{"id":19464,"href":"https:\/\/www.lidemschool.com\/ca\/wp-json\/wp\/v2\/posts\/19018\/revisions\/19464"}],"wp:featuredmedia":[{"embeddable":true,"href":"https:\/\/www.lidemschool.com\/ca\/wp-json\/wp\/v2\/media\/18826"}],"wp:attachment":[{"href":"https:\/\/www.lidemschool.com\/ca\/wp-json\/wp\/v2\/media?parent=19018"}],"wp:term":[{"taxonomy":"category","embeddable":true,"href":"https:\/\/www.lidemschool.com\/ca\/wp-json\/wp\/v2\/categories?post=19018"},{"taxonomy":"post_tag","embeddable":true,"href":"https:\/\/www.lidemschool.com\/ca\/wp-json\/wp\/v2\/tags?post=19018"}],"curies":[{"name":"wp","href":"https:\/\/api.w.org\/{rel}","templated":true}]}}